{"id":268388,"date":"2026-01-18T21:32:21","date_gmt":"2026-01-19T00:32:21","guid":{"rendered":"https:\/\/arthurrosa.com\/?p=268388"},"modified":"2026-01-19T06:49:14","modified_gmt":"2026-01-19T09:49:14","slug":"pre-boda-elle-lucas","status":"publish","type":"post","link":"https:\/\/arthurrosa.com\/es\/pre-boda-elle-lucas\/","title":{"rendered":"Sesi\u00f3n Preboda \u2014 Elle + Lucas"},"content":{"rendered":"\n<article class=\"uk-article uk-container uk-container-small uk-margin-large-top uk-margin-large-bottom\">\n\n  <header class=\"uk-margin-large-bottom\">\n    <h2 class=\"uk-margin-small-bottom\">\n      Pre-boda en el Parque do Coc\u00f3 en Fortaleza: la sesi\u00f3n de Elle y Lucas \ud83c\udf3f\u2728\n    <\/h2>\n\n    <p class=\"uk-text-lead uk-margin-small-top\">\n      Una sesi\u00f3n al aire libre, con caminata por el sendero, luz dorada de fin de tarde y una propuesta de matrimonio inesperada. \ud83d\udc8d\ud83c\udf05\n    <\/p>\n    <hr class=\"uk-margin-medium-top uk-margin-medium-bottom\">\n  <\/header>\n\n  <section class=\"uk-margin-large-bottom\">\n    <p class=\"uk-text-justify\">\n      Realizar una <strong>pre-boda en el Parque do Coc\u00f3<\/strong>, en Fortaleza, es elegir un escenario donde la naturaleza marca el ritmo, \n      la luz dicta el ambiente y la conexi\u00f3n de la pareja surge de forma genuina. \ud83c\udf33\ud83d\udc9b\n      La sesi\u00f3n de <strong>Elle<\/strong> y <strong>Lucas<\/strong> fue exactamente as\u00ed: ligera, aut\u00e9ntica y llena de significado.\n    <\/p>\n  <\/section>\n\n  <section class=\"uk-margin-large-bottom\">\n    <p class=\"uk-text-justify\">\n      Elle y Lucas son una pareja que tom\u00f3 decisiones conscientes. Decidieron <strong>invertir en su futuro hogar<\/strong>, \n      en lugar de realizar una gran fiesta de bodas. Para ellos, la sesi\u00f3n de pre-boda no era solo un registro bonito, \n      sino una forma de guardar esta etapa con cari\u00f1o para el futuro. \ud83c\udfe1\ud83d\udcf8\n    <\/p>\n\n    <p class=\"uk-text-justify\">\n      La relaci\u00f3n a distancia \u2014ella en Fortaleza y \u00e9l en Pernambuco\u2014 hizo que el tiempo juntos fuera a\u00fan m\u00e1s valioso. \n      Por eso, realizamos la sesi\u00f3n durante una de sus visitas a la ciudad, en una ventana entre finales de diciembre y principios de enero. \ud83d\uddd3\ufe0f\ud83e\udd0d\n    <\/p>\n  <\/section>\n\n  <section class=\"uk-margin-large-bottom\">\n    <p class=\"uk-text-justify\">\n      El <strong>Parque do Coc\u00f3<\/strong> es uno de los mejores lugares para quienes desean una <strong>pre-boda en Fortaleza rodeados de naturaleza<\/strong>. \n      Senderos arbolados, \u00e1reas abiertas, sombras naturales y una variedad de escenarios hacen que la sesi\u00f3n sea m\u00e1s din\u00e1mica y espont\u00e1nea. \ud83c\udf33\u2728\n    <\/p>\n\n    <div class=\"uk-card uk-card-default uk-card-body uk-border-rounded uk-box-shadow-small uk-margin-medium-top\">\n      <h3 class=\"uk-card-title uk-margin-remove-bottom\">Este estilo de sesi\u00f3n es perfecto para parejas que\u2026 \ud83d\udc9a<\/h3>\n      <ul class=\"uk-list uk-list-bullet uk-margin-small-top\">\n        <li>Prefieren el <strong>verde<\/strong> en lugar de la playa \ud83c\udf31<\/li>\n        <li>Buscan fotos m\u00e1s <strong>\u00edntimas<\/strong> y naturales \ud83e\udd0d<\/li>\n        <li>Disfrutan caminar, conversar y vivir el momento \ud83d\udeb6\u200d\u2642\ufe0f\ud83d\udeb6\u200d\u2640\ufe0f<\/li>\n        <li>Desean una sesi\u00f3n <strong>espont\u00e1nea<\/strong>, sin poses forzadas \u2728<\/li>\n      <\/ul>\n    <\/div>\n  <\/section>\n\n  <section class=\"uk-margin-large-bottom\">\n    <p class=\"uk-text-justify\">\n      Caminamos por el sendero del parque mientras fotografi\u00e1bamos y convers\u00e1bamos sobre la vida, planes e historias. \n      Este tipo de din\u00e1mica marca la diferencia: la pareja se relaja, la conexi\u00f3n aparece y las fotos fluyen de forma natural. \ud83c\udf9e\ufe0f\ud83d\udcac\n    <\/p>\n\n    <p class=\"uk-text-justify\">\n      Tienen una sinton\u00eda muy fuerte y fue f\u00e1cil transformar eso en im\u00e1genes; de esas que miras y puedes sentir el momento. \ud83e\udd79\ud83d\udcf7\n    <\/p>\n  <\/section>\n\n  <section class=\"uk-margin-large-bottom\">\n    <p class=\"uk-text-justify\">\n      La sesi\u00f3n se realiz\u00f3 la tarde del <strong>30 de diciembre<\/strong>, con una <strong>luz dorada<\/strong> hermosa. \n      En un ambiente arbolado como el Parque do Coc\u00f3, esta luz crea profundidad, textura y un clima casi cinematogr\u00e1fico. \ud83c\udfac\ud83d\udc9b\n    <\/p>\n\n    <div class=\"uk-alert uk-alert-warning uk-border-rounded uk-margin-medium-top\" uk-alert>\n      <div class=\"uk-flex uk-flex-middle uk-gap-small\">\n        <span aria-hidden=\"true\">\ud83d\udca1<\/span>\n        <p class=\"uk-margin-remove\">\n          <strong>Consejo:<\/strong> si quieres este efecto en tus fotos, prioriza los horarios cercanos al atardecer.\n        <\/p>\n      <\/div>\n    <\/div>\n  <\/section>\n\n  <section class=\"uk-margin-large-bottom\">\n    <p class=\"uk-text-justify\">\n      Al final de la sesi\u00f3n, cuando ya est\u00e1bamos por terminar, Lucas decidi\u00f3 hacer all\u00ed mismo la <strong>propuesta de matrimonio<\/strong>. \n      Fue uno de esos momentos raros: silencioso, verdadero, intenso \u2014y emocionante incluso para m\u00ed, que estaba captur\u00e1ndolo todo. \ud83e\udd0d\n    <\/p>\n  <\/section>\n\n  <section class=\"uk-margin-large-bottom\">\n    <h2 class=\"uk-heading-bullet\">Equipo utilizado en la sesi\u00f3n \ud83c\udfa5\ud83d\udd0d<\/h2>\n\n    <p class=\"uk-text-justify\">\n      Para esta <strong>pre-boda en el Parque do Coc\u00f3<\/strong>, utilic\u00e9 dos lentes que se complementan perfectamente:\n    <\/p>\n\n    <div class=\"uk-grid-small uk-child-width-1-2@s uk-margin-medium-top\" uk-grid>\n      <div>\n        <div class=\"uk-card uk-card-default uk-card-body uk-border-rounded uk-box-shadow-small\">\n          <h3 class=\"uk-card-title uk-margin-remove-bottom\">Canon RF 35mm f\/1.8 \ud83d\udcf7<\/h3>\n          <p class=\"uk-margin-small-top uk-margin-remove-bottom\">\n            Ideal para escenas m\u00e1s abiertas, caminatas, contexto y cercan\u00eda.\n          <\/p>\n        <\/div>\n      <\/div>\n      <div>\n        <div class=\"uk-card uk-card-default uk-card-body uk-border-rounded uk-box-shadow-small\">\n          <h3 class=\"uk-card-title uk-margin-remove-bottom\">Canon RF 85mm f\/1.2L \u2728<\/h3>\n          <p class=\"uk-margin-small-top uk-margin-remove-bottom\">\n            Perfecta para retratos con fondo suave y la emoci\u00f3n como protagonista.\n          <\/p>\n        <\/div>\n      <\/div>\n    <\/div>\n  <\/section>\n\n  <section class=\"uk-margin-large-bottom\">\n    <p class=\"uk-text-justify\">\n      Este tipo de sesi\u00f3n es ideal para parejas que valoran la <strong>conexi\u00f3n por encima de las poses<\/strong>, prefieren la naturaleza, \n      buscan fotos atemporales y quieren vivir la experiencia de verdad. \ud83c\udf31\ud83d\udcf8\n    <\/p>\n\n    <div class=\"uk-card uk-card-default uk-card-body uk-border-rounded uk-box-shadow-small uk-margin-medium-top\">\n      <ul class=\"uk-list uk-list-divider uk-margin-remove\">\n        <li>Conexi\u00f3n real y espont\u00e1nea \ud83e\udd0d<\/li>\n        <li>Ambiente verde, senderos y sombras naturales \ud83c\udf33<\/li>\n        <li>Variedad de escenarios en un solo lugar \ud83c\udf9e\ufe0f<\/li>\n        <li>Clima relajado, caminando y sin prisas \ud83d\udeb6\u200d\u2642\ufe0f\u2728<\/li>\n      <\/ul>\n    <\/div>\n  <\/section>\n<\/article>\n\n\n\n<figure class=\"wp-block-gallery has-nested-images columns-1 wp-block-gallery-1 is-layout-flex wp-block-gallery-is-layout-flex\">\n<figure class=\"wp-block-image size-full\"><img decoding=\"async\" width=\"1638\" height=\"2048\" data-id=\"253170\" src=\"https:\/\/arthurrosa.com\/wp-content\/uploads\/2026\/01\/001-pre-wedding-parque-do-coco-fortaleza-scaled.jpg\" alt=\"Casal em ensaio pr\u00e9-wedding na trilha do Parque do Coc\u00f3 em Fortaleza\" class=\"wp-image-253170\" srcset=\"https:\/\/arthurrosa.com\/wp-content\/uploads\/2026\/01\/001-pre-wedding-parque-do-coco-fortaleza-scaled.jpg 1638w, https:\/\/arthurrosa.com\/wp-content\/uploads\/2026\/01\/001-pre-wedding-parque-do-coco-fortaleza-480x600.jpg 480w, https:\/\/arthurrosa.com\/wp-content\/uploads\/2026\/01\/001-pre-wedding-parque-do-coco-fortaleza-864x1080.jpg 864w, https:\/\/arthurrosa.com\/wp-content\/uploads\/2026\/01\/001-pre-wedding-parque-do-coco-fortaleza-1229x1536.jpg 1229w\" sizes=\"(max-width: 1638px) 100vw, 1638px\" \/><\/figure>\n\n\n\n<figure class=\"wp-block-image size-full\"><img decoding=\"async\" width=\"1638\" height=\"2048\" data-id=\"253228\" src=\"https:\/\/arthurrosa.com\/wp-content\/uploads\/2026\/01\/002-pre-wedding-parque-do-coco-fortaleza-scaled.jpg\" alt=\"\" class=\"wp-image-253228\" srcset=\"https:\/\/arthurrosa.com\/wp-content\/uploads\/2026\/01\/002-pre-wedding-parque-do-coco-fortaleza-scaled.jpg 1638w, https:\/\/arthurrosa.com\/wp-content\/uploads\/2026\/01\/002-pre-wedding-parque-do-coco-fortaleza-480x600.jpg 480w, https:\/\/arthurrosa.com\/wp-content\/uploads\/2026\/01\/002-pre-wedding-parque-do-coco-fortaleza-864x1080.jpg 864w, https:\/\/arthurrosa.com\/wp-content\/uploads\/2026\/01\/002-pre-wedding-parque-do-coco-fortaleza-1229x1536.jpg 1229w\" sizes=\"(max-width: 1638px) 100vw, 1638px\" \/><\/figure>\n\n\n\n<figure class=\"wp-block-image size-full\"><img decoding=\"async\" width=\"1638\" height=\"2048\" data-id=\"253226\" src=\"https:\/\/arthurrosa.com\/wp-content\/uploads\/2026\/01\/003-pre-wedding-parque-do-coco-fortaleza-scaled.jpg\" alt=\"Casal em ensaio pr\u00e9-wedding na trilha do Parque do Coc\u00f3 em Fortaleza\" class=\"wp-image-253226\" srcset=\"https:\/\/arthurrosa.com\/wp-content\/uploads\/2026\/01\/003-pre-wedding-parque-do-coco-fortaleza-scaled.jpg 1638w, https:\/\/arthurrosa.com\/wp-content\/uploads\/2026\/01\/003-pre-wedding-parque-do-coco-fortaleza-480x600.jpg 480w, https:\/\/arthurrosa.com\/wp-content\/uploads\/2026\/01\/003-pre-wedding-parque-do-coco-fortaleza-864x1080.jpg 864w, https:\/\/arthurrosa.com\/wp-content\/uploads\/2026\/01\/003-pre-wedding-parque-do-coco-fortaleza-1229x1536.jpg 1229w\" sizes=\"(max-width: 1638px) 100vw, 1638px\" \/><\/figure>\n\n\n\n<figure class=\"wp-block-image size-full\"><img decoding=\"async\" width=\"1638\" height=\"2048\" data-id=\"253224\" src=\"https:\/\/arthurrosa.com\/wp-content\/uploads\/2026\/01\/004-pre-wedding-parque-do-coco-fortaleza-scaled.jpg\" alt=\"\" class=\"wp-image-253224\" srcset=\"https:\/\/arthurrosa.com\/wp-content\/uploads\/2026\/01\/004-pre-wedding-parque-do-coco-fortaleza-scaled.jpg 1638w, https:\/\/arthurrosa.com\/wp-content\/uploads\/2026\/01\/004-pre-wedding-parque-do-coco-fortaleza-480x600.jpg 480w, https:\/\/arthurrosa.com\/wp-content\/uploads\/2026\/01\/004-pre-wedding-parque-do-coco-fortaleza-864x1080.jpg 864w, https:\/\/arthurrosa.com\/wp-content\/uploads\/2026\/01\/004-pre-wedding-parque-do-coco-fortaleza-1229x1536.jpg 1229w\" sizes=\"(max-width: 1638px) 100vw, 1638px\" \/><\/figure>\n\n\n\n<figure class=\"wp-block-image size-full\"><img decoding=\"async\" width=\"1638\" height=\"2048\" data-id=\"253222\" src=\"https:\/\/arthurrosa.com\/wp-content\/uploads\/2026\/01\/005-pre-wedding-parque-do-coco-fortaleza-scaled.jpg\" alt=\"\" class=\"wp-image-253222\" srcset=\"https:\/\/arthurrosa.com\/wp-content\/uploads\/2026\/01\/005-pre-wedding-parque-do-coco-fortaleza-scaled.jpg 1638w, https:\/\/arthurrosa.com\/wp-content\/uploads\/2026\/01\/005-pre-wedding-parque-do-coco-fortaleza-480x600.jpg 480w, https:\/\/arthurrosa.com\/wp-content\/uploads\/2026\/01\/005-pre-wedding-parque-do-coco-fortaleza-864x1080.jpg 864w, https:\/\/arthurrosa.com\/wp-content\/uploads\/2026\/01\/005-pre-wedding-parque-do-coco-fortaleza-1229x1536.jpg 1229w\" sizes=\"(max-width: 1638px) 100vw, 1638px\" \/><\/figure>\n\n\n\n<figure class=\"wp-block-image size-full\"><img decoding=\"async\" width=\"1638\" height=\"2048\" data-id=\"253220\" src=\"https:\/\/arthurrosa.com\/wp-content\/uploads\/2026\/01\/006-pre-wedding-parque-do-coco-fortaleza-scaled.jpg\" alt=\"\" class=\"wp-image-253220\" srcset=\"https:\/\/arthurrosa.com\/wp-content\/uploads\/2026\/01\/006-pre-wedding-parque-do-coco-fortaleza-scaled.jpg 1638w, https:\/\/arthurrosa.com\/wp-content\/uploads\/2026\/01\/006-pre-wedding-parque-do-coco-fortaleza-480x600.jpg 480w, https:\/\/arthurrosa.com\/wp-content\/uploads\/2026\/01\/006-pre-wedding-parque-do-coco-fortaleza-864x1080.jpg 864w, https:\/\/arthurrosa.com\/wp-content\/uploads\/2026\/01\/006-pre-wedding-parque-do-coco-fortaleza-1229x1536.jpg 1229w\" sizes=\"(max-width: 1638px) 100vw, 1638px\" \/><\/figure>\n\n\n\n<figure class=\"wp-block-image size-full\"><img decoding=\"async\" width=\"1638\" height=\"2048\" data-id=\"253218\" src=\"https:\/\/arthurrosa.com\/wp-content\/uploads\/2026\/01\/007-pre-wedding-parque-do-coco-fortaleza-scaled.jpg\" alt=\"\" class=\"wp-image-253218\" srcset=\"https:\/\/arthurrosa.com\/wp-content\/uploads\/2026\/01\/007-pre-wedding-parque-do-coco-fortaleza-scaled.jpg 1638w, https:\/\/arthurrosa.com\/wp-content\/uploads\/2026\/01\/007-pre-wedding-parque-do-coco-fortaleza-480x600.jpg 480w, https:\/\/arthurrosa.com\/wp-content\/uploads\/2026\/01\/007-pre-wedding-parque-do-coco-fortaleza-864x1080.jpg 864w, https:\/\/arthurrosa.com\/wp-content\/uploads\/2026\/01\/007-pre-wedding-parque-do-coco-fortaleza-1229x1536.jpg 1229w\" sizes=\"(max-width: 1638px) 100vw, 1638px\" \/><\/figure>\n\n\n\n<figure class=\"wp-block-image size-full\"><img decoding=\"async\" width=\"1638\" height=\"2048\" data-id=\"253216\" src=\"https:\/\/arthurrosa.com\/wp-content\/uploads\/2026\/01\/008-pre-wedding-parque-do-coco-fortaleza-scaled.jpg\" alt=\"Casal em ensaio pr\u00e9-wedding na trilha do Parque do Coc\u00f3 em Fortaleza\" class=\"wp-image-253216\" srcset=\"https:\/\/arthurrosa.com\/wp-content\/uploads\/2026\/01\/008-pre-wedding-parque-do-coco-fortaleza-scaled.jpg 1638w, https:\/\/arthurrosa.com\/wp-content\/uploads\/2026\/01\/008-pre-wedding-parque-do-coco-fortaleza-480x600.jpg 480w, https:\/\/arthurrosa.com\/wp-content\/uploads\/2026\/01\/008-pre-wedding-parque-do-coco-fortaleza-864x1080.jpg 864w, https:\/\/arthurrosa.com\/wp-content\/uploads\/2026\/01\/008-pre-wedding-parque-do-coco-fortaleza-1229x1536.jpg 1229w\" sizes=\"(max-width: 1638px) 100vw, 1638px\" \/><\/figure>\n\n\n\n<figure class=\"wp-block-image size-full\"><img decoding=\"async\" width=\"1638\" height=\"2048\" data-id=\"253214\" src=\"https:\/\/arthurrosa.com\/wp-content\/uploads\/2026\/01\/009-pre-wedding-parque-do-coco-fortaleza-scaled.jpg\" alt=\"\" class=\"wp-image-253214\" srcset=\"https:\/\/arthurrosa.com\/wp-content\/uploads\/2026\/01\/009-pre-wedding-parque-do-coco-fortaleza-scaled.jpg 1638w, https:\/\/arthurrosa.com\/wp-content\/uploads\/2026\/01\/009-pre-wedding-parque-do-coco-fortaleza-480x600.jpg 480w, https:\/\/arthurrosa.com\/wp-content\/uploads\/2026\/01\/009-pre-wedding-parque-do-coco-fortaleza-864x1080.jpg 864w, https:\/\/arthurrosa.com\/wp-content\/uploads\/2026\/01\/009-pre-wedding-parque-do-coco-fortaleza-1229x1536.jpg 1229w\" sizes=\"(max-width: 1638px) 100vw, 1638px\" \/><\/figure>\n\n\n\n<figure class=\"wp-block-image size-full\"><img decoding=\"async\" width=\"1638\" height=\"2048\" data-id=\"253212\" src=\"https:\/\/arthurrosa.com\/wp-content\/uploads\/2026\/01\/010-pre-wedding-parque-do-coco-fortaleza-scaled.jpg\" alt=\"\" class=\"wp-image-253212\" srcset=\"https:\/\/arthurrosa.com\/wp-content\/uploads\/2026\/01\/010-pre-wedding-parque-do-coco-fortaleza-scaled.jpg 1638w, https:\/\/arthurrosa.com\/wp-content\/uploads\/2026\/01\/010-pre-wedding-parque-do-coco-fortaleza-480x600.jpg 480w, https:\/\/arthurrosa.com\/wp-content\/uploads\/2026\/01\/010-pre-wedding-parque-do-coco-fortaleza-864x1080.jpg 864w, https:\/\/arthurrosa.com\/wp-content\/uploads\/2026\/01\/010-pre-wedding-parque-do-coco-fortaleza-1229x1536.jpg 1229w\" sizes=\"(max-width: 1638px) 100vw, 1638px\" \/><\/figure>\n\n\n\n<figure class=\"wp-block-image size-full\"><img decoding=\"async\" width=\"1638\" height=\"2048\" data-id=\"253210\" src=\"https:\/\/arthurrosa.com\/wp-content\/uploads\/2026\/01\/011-pre-wedding-parque-do-coco-fortaleza-scaled.jpg\" alt=\"\" class=\"wp-image-253210\" srcset=\"https:\/\/arthurrosa.com\/wp-content\/uploads\/2026\/01\/011-pre-wedding-parque-do-coco-fortaleza-scaled.jpg 1638w, https:\/\/arthurrosa.com\/wp-content\/uploads\/2026\/01\/011-pre-wedding-parque-do-coco-fortaleza-480x600.jpg 480w, https:\/\/arthurrosa.com\/wp-content\/uploads\/2026\/01\/011-pre-wedding-parque-do-coco-fortaleza-864x1080.jpg 864w, https:\/\/arthurrosa.com\/wp-content\/uploads\/2026\/01\/011-pre-wedding-parque-do-coco-fortaleza-1229x1536.jpg 1229w\" sizes=\"(max-width: 1638px) 100vw, 1638px\" \/><\/figure>\n\n\n\n<figure class=\"wp-block-image size-full\"><img decoding=\"async\" width=\"1638\" height=\"2048\" data-id=\"253208\" src=\"https:\/\/arthurrosa.com\/wp-content\/uploads\/2026\/01\/012-pre-wedding-parque-do-coco-fortaleza-scaled.jpg\" alt=\"\" class=\"wp-image-253208\" srcset=\"https:\/\/arthurrosa.com\/wp-content\/uploads\/2026\/01\/012-pre-wedding-parque-do-coco-fortaleza-scaled.jpg 1638w, https:\/\/arthurrosa.com\/wp-content\/uploads\/2026\/01\/012-pre-wedding-parque-do-coco-fortaleza-480x600.jpg 480w, https:\/\/arthurrosa.com\/wp-content\/uploads\/2026\/01\/012-pre-wedding-parque-do-coco-fortaleza-864x1080.jpg 864w, https:\/\/arthurrosa.com\/wp-content\/uploads\/2026\/01\/012-pre-wedding-parque-do-coco-fortaleza-1229x1536.jpg 1229w\" sizes=\"(max-width: 1638px) 100vw, 1638px\" \/><\/figure>\n\n\n\n<figure class=\"wp-block-image size-full\"><img decoding=\"async\" width=\"1638\" height=\"2048\" data-id=\"253206\" src=\"https:\/\/arthurrosa.com\/wp-content\/uploads\/2026\/01\/013-pre-wedding-parque-do-coco-fortaleza-scaled.jpg\" alt=\"\" class=\"wp-image-253206\" srcset=\"https:\/\/arthurrosa.com\/wp-content\/uploads\/2026\/01\/013-pre-wedding-parque-do-coco-fortaleza-scaled.jpg 1638w, https:\/\/arthurrosa.com\/wp-content\/uploads\/2026\/01\/013-pre-wedding-parque-do-coco-fortaleza-480x600.jpg 480w, https:\/\/arthurrosa.com\/wp-content\/uploads\/2026\/01\/013-pre-wedding-parque-do-coco-fortaleza-864x1080.jpg 864w, https:\/\/arthurrosa.com\/wp-content\/uploads\/2026\/01\/013-pre-wedding-parque-do-coco-fortaleza-1229x1536.jpg 1229w\" sizes=\"(max-width: 1638px) 100vw, 1638px\" \/><\/figure>\n\n\n\n<figure class=\"wp-block-image size-full\"><img decoding=\"async\" width=\"1638\" height=\"2048\" data-id=\"253204\" src=\"https:\/\/arthurrosa.com\/wp-content\/uploads\/2026\/01\/014-pre-wedding-parque-do-coco-fortaleza-scaled.jpg\" alt=\"Casal Andrielle e Lucas caminhando pelas trilhas do Parque do Coc\u00f3 em Fortaleza para ensaio pr\u00e9-wedding - Foto por Arthur Rosa.\" class=\"wp-image-253204\" srcset=\"https:\/\/arthurrosa.com\/wp-content\/uploads\/2026\/01\/014-pre-wedding-parque-do-coco-fortaleza-scaled.jpg 1638w, https:\/\/arthurrosa.com\/wp-content\/uploads\/2026\/01\/014-pre-wedding-parque-do-coco-fortaleza-480x600.jpg 480w, https:\/\/arthurrosa.com\/wp-content\/uploads\/2026\/01\/014-pre-wedding-parque-do-coco-fortaleza-864x1080.jpg 864w, https:\/\/arthurrosa.com\/wp-content\/uploads\/2026\/01\/014-pre-wedding-parque-do-coco-fortaleza-1229x1536.jpg 1229w\" sizes=\"(max-width: 1638px) 100vw, 1638px\" \/><\/figure>\n\n\n\n<figure class=\"wp-block-image size-full\"><img decoding=\"async\" width=\"1638\" height=\"2048\" data-id=\"253202\" src=\"https:\/\/arthurrosa.com\/wp-content\/uploads\/2026\/01\/015-pre-wedding-parque-do-coco-fortaleza-scaled.jpg\" alt=\"Ensaio de casal em Fortaleza com luz dourada de p\u00f4r do sol no Parque do Coc\u00f3 - Fot\u00f3grafo Arthur Rosa.\" class=\"wp-image-253202\" srcset=\"https:\/\/arthurrosa.com\/wp-content\/uploads\/2026\/01\/015-pre-wedding-parque-do-coco-fortaleza-scaled.jpg 1638w, https:\/\/arthurrosa.com\/wp-content\/uploads\/2026\/01\/015-pre-wedding-parque-do-coco-fortaleza-480x600.jpg 480w, https:\/\/arthurrosa.com\/wp-content\/uploads\/2026\/01\/015-pre-wedding-parque-do-coco-fortaleza-864x1080.jpg 864w, https:\/\/arthurrosa.com\/wp-content\/uploads\/2026\/01\/015-pre-wedding-parque-do-coco-fortaleza-1229x1536.jpg 1229w\" sizes=\"(max-width: 1638px) 100vw, 1638px\" \/><\/figure>\n\n\n\n<figure class=\"wp-block-image size-full\"><img decoding=\"async\" width=\"1638\" height=\"2048\" data-id=\"253200\" src=\"https:\/\/arthurrosa.com\/wp-content\/uploads\/2026\/01\/016-pre-wedding-parque-do-coco-fortaleza-scaled.jpg\" alt=\"nsaio de casal estilo natureza e rom\u00e2ntico no Parque do Coc\u00f3, inspirado em fotos de pr\u00e9-wedding na serra.\" class=\"wp-image-253200\" srcset=\"https:\/\/arthurrosa.com\/wp-content\/uploads\/2026\/01\/016-pre-wedding-parque-do-coco-fortaleza-scaled.jpg 1638w, https:\/\/arthurrosa.com\/wp-content\/uploads\/2026\/01\/016-pre-wedding-parque-do-coco-fortaleza-480x600.jpg 480w, https:\/\/arthurrosa.com\/wp-content\/uploads\/2026\/01\/016-pre-wedding-parque-do-coco-fortaleza-864x1080.jpg 864w, https:\/\/arthurrosa.com\/wp-content\/uploads\/2026\/01\/016-pre-wedding-parque-do-coco-fortaleza-1229x1536.jpg 1229w\" sizes=\"(max-width: 1638px) 100vw, 1638px\" \/><\/figure>\n\n\n\n<figure class=\"wp-block-image size-full\"><img decoding=\"async\" width=\"1638\" height=\"2048\" data-id=\"253198\" src=\"https:\/\/arthurrosa.com\/wp-content\/uploads\/2026\/01\/017-pre-wedding-parque-do-coco-fortaleza-scaled.jpg\" alt=\"\" class=\"wp-image-253198\" srcset=\"https:\/\/arthurrosa.com\/wp-content\/uploads\/2026\/01\/017-pre-wedding-parque-do-coco-fortaleza-scaled.jpg 1638w, https:\/\/arthurrosa.com\/wp-content\/uploads\/2026\/01\/017-pre-wedding-parque-do-coco-fortaleza-480x600.jpg 480w, https:\/\/arthurrosa.com\/wp-content\/uploads\/2026\/01\/017-pre-wedding-parque-do-coco-fortaleza-864x1080.jpg 864w, https:\/\/arthurrosa.com\/wp-content\/uploads\/2026\/01\/017-pre-wedding-parque-do-coco-fortaleza-1229x1536.jpg 1229w\" sizes=\"(max-width: 1638px) 100vw, 1638px\" \/><\/figure>\n\n\n\n<figure class=\"wp-block-image size-full\"><img decoding=\"async\" width=\"1920\" height=\"1196\" data-id=\"253196\" src=\"https:\/\/arthurrosa.com\/wp-content\/uploads\/2026\/01\/018-pre-wedding-parque-do-coco-fortaleza.jpg\" alt=\"\" class=\"wp-image-253196\" srcset=\"https:\/\/arthurrosa.com\/wp-content\/uploads\/2026\/01\/018-pre-wedding-parque-do-coco-fortaleza.jpg 1920w, https:\/\/arthurrosa.com\/wp-content\/uploads\/2026\/01\/018-pre-wedding-parque-do-coco-fortaleza-900x561.jpg 900w, https:\/\/arthurrosa.com\/wp-content\/uploads\/2026\/01\/018-pre-wedding-parque-do-coco-fortaleza-1734x1080.jpg 1734w, https:\/\/arthurrosa.com\/wp-content\/uploads\/2026\/01\/018-pre-wedding-parque-do-coco-fortaleza-1536x957.jpg 1536w\" sizes=\"(max-width: 1920px) 100vw, 1920px\" \/><\/figure>\n\n\n\n<figure class=\"wp-block-image size-full\"><img decoding=\"async\" width=\"1638\" height=\"2048\" data-id=\"253194\" src=\"https:\/\/arthurrosa.com\/wp-content\/uploads\/2026\/01\/019-pre-wedding-parque-do-coco-fortaleza-scaled.jpg\" alt=\"Detalhe de conex\u00e3o de casal em ensaio pr\u00e9-wedding no Cear\u00e1, Parque do Coc\u00f3 - Fotografia de Casamento Arthur Rosa.\" class=\"wp-image-253194\" srcset=\"https:\/\/arthurrosa.com\/wp-content\/uploads\/2026\/01\/019-pre-wedding-parque-do-coco-fortaleza-scaled.jpg 1638w, https:\/\/arthurrosa.com\/wp-content\/uploads\/2026\/01\/019-pre-wedding-parque-do-coco-fortaleza-480x600.jpg 480w, https:\/\/arthurrosa.com\/wp-content\/uploads\/2026\/01\/019-pre-wedding-parque-do-coco-fortaleza-864x1080.jpg 864w, https:\/\/arthurrosa.com\/wp-content\/uploads\/2026\/01\/019-pre-wedding-parque-do-coco-fortaleza-1229x1536.jpg 1229w\" sizes=\"(max-width: 1638px) 100vw, 1638px\" \/><\/figure>\n\n\n\n<figure class=\"wp-block-image size-full\"><img decoding=\"async\" width=\"1638\" height=\"2048\" data-id=\"253192\" src=\"https:\/\/arthurrosa.com\/wp-content\/uploads\/2026\/01\/020-pre-wedding-parque-do-coco-fortaleza-scaled.jpg\" alt=\"Detalhe de conex\u00e3o de casal em ensaio pr\u00e9-wedding no Cear\u00e1, Parque do Coc\u00f3 - Fotografia de Casamento Arthur Rosa.\" class=\"wp-image-253192\" srcset=\"https:\/\/arthurrosa.com\/wp-content\/uploads\/2026\/01\/020-pre-wedding-parque-do-coco-fortaleza-scaled.jpg 1638w, https:\/\/arthurrosa.com\/wp-content\/uploads\/2026\/01\/020-pre-wedding-parque-do-coco-fortaleza-480x600.jpg 480w, https:\/\/arthurrosa.com\/wp-content\/uploads\/2026\/01\/020-pre-wedding-parque-do-coco-fortaleza-864x1080.jpg 864w, https:\/\/arthurrosa.com\/wp-content\/uploads\/2026\/01\/020-pre-wedding-parque-do-coco-fortaleza-1229x1536.jpg 1229w\" sizes=\"(max-width: 1638px) 100vw, 1638px\" \/><\/figure>\n\n\n\n<figure class=\"wp-block-image size-full\"><img decoding=\"async\" width=\"1920\" height=\"1196\" data-id=\"253190\" src=\"https:\/\/arthurrosa.com\/wp-content\/uploads\/2026\/01\/021-pre-wedding-parque-do-coco-fortaleza.jpg\" alt=\"\" class=\"wp-image-253190\" srcset=\"https:\/\/arthurrosa.com\/wp-content\/uploads\/2026\/01\/021-pre-wedding-parque-do-coco-fortaleza.jpg 1920w, https:\/\/arthurrosa.com\/wp-content\/uploads\/2026\/01\/021-pre-wedding-parque-do-coco-fortaleza-900x561.jpg 900w, https:\/\/arthurrosa.com\/wp-content\/uploads\/2026\/01\/021-pre-wedding-parque-do-coco-fortaleza-1734x1080.jpg 1734w, https:\/\/arthurrosa.com\/wp-content\/uploads\/2026\/01\/021-pre-wedding-parque-do-coco-fortaleza-1536x957.jpg 1536w\" sizes=\"(max-width: 1920px) 100vw, 1920px\" \/><\/figure>\n\n\n\n<figure class=\"wp-block-image size-full\"><img decoding=\"async\" width=\"1638\" height=\"2048\" data-id=\"253188\" src=\"https:\/\/arthurrosa.com\/wp-content\/uploads\/2026\/01\/022-pre-wedding-parque-do-coco-fortaleza-scaled.jpg\" alt=\"Ensaio pr\u00e9-wedding finalizado com pedido de casamento no Parque do Coc\u00f3, Fortaleza - Arthur Rosa Fot\u00f3grafo\" class=\"wp-image-253188\" srcset=\"https:\/\/arthurrosa.com\/wp-content\/uploads\/2026\/01\/022-pre-wedding-parque-do-coco-fortaleza-scaled.jpg 1638w, https:\/\/arthurrosa.com\/wp-content\/uploads\/2026\/01\/022-pre-wedding-parque-do-coco-fortaleza-480x600.jpg 480w, https:\/\/arthurrosa.com\/wp-content\/uploads\/2026\/01\/022-pre-wedding-parque-do-coco-fortaleza-864x1080.jpg 864w, https:\/\/arthurrosa.com\/wp-content\/uploads\/2026\/01\/022-pre-wedding-parque-do-coco-fortaleza-1229x1536.jpg 1229w\" sizes=\"(max-width: 1638px) 100vw, 1638px\" \/><\/figure>\n\n\n\n<figure class=\"wp-block-image size-full\"><img decoding=\"async\" width=\"1638\" height=\"2048\" data-id=\"253186\" src=\"https:\/\/arthurrosa.com\/wp-content\/uploads\/2026\/01\/023-pre-wedding-parque-do-coco-fortaleza-scaled.jpg\" alt=\"\" class=\"wp-image-253186\" srcset=\"https:\/\/arthurrosa.com\/wp-content\/uploads\/2026\/01\/023-pre-wedding-parque-do-coco-fortaleza-scaled.jpg 1638w, https:\/\/arthurrosa.com\/wp-content\/uploads\/2026\/01\/023-pre-wedding-parque-do-coco-fortaleza-480x600.jpg 480w, https:\/\/arthurrosa.com\/wp-content\/uploads\/2026\/01\/023-pre-wedding-parque-do-coco-fortaleza-864x1080.jpg 864w, https:\/\/arthurrosa.com\/wp-content\/uploads\/2026\/01\/023-pre-wedding-parque-do-coco-fortaleza-1229x1536.jpg 1229w\" sizes=\"(max-width: 1638px) 100vw, 1638px\" \/><\/figure>\n\n\n\n<figure class=\"wp-block-image size-full\"><img decoding=\"async\" width=\"1638\" height=\"2048\" data-id=\"253184\" src=\"https:\/\/arthurrosa.com\/wp-content\/uploads\/2026\/01\/024-pre-wedding-parque-do-coco-fortaleza-scaled.jpg\" alt=\"\" class=\"wp-image-253184\" srcset=\"https:\/\/arthurrosa.com\/wp-content\/uploads\/2026\/01\/024-pre-wedding-parque-do-coco-fortaleza-scaled.jpg 1638w, https:\/\/arthurrosa.com\/wp-content\/uploads\/2026\/01\/024-pre-wedding-parque-do-coco-fortaleza-480x600.jpg 480w, https:\/\/arthurrosa.com\/wp-content\/uploads\/2026\/01\/024-pre-wedding-parque-do-coco-fortaleza-864x1080.jpg 864w, https:\/\/arthurrosa.com\/wp-content\/uploads\/2026\/01\/024-pre-wedding-parque-do-coco-fortaleza-1229x1536.jpg 1229w\" sizes=\"(max-width: 1638px) 100vw, 1638px\" \/><\/figure>\n\n\n\n<figure class=\"wp-block-image size-full\"><img decoding=\"async\" width=\"1638\" height=\"2048\" data-id=\"253182\" src=\"https:\/\/arthurrosa.com\/wp-content\/uploads\/2026\/01\/025-pre-wedding-parque-do-coco-fortaleza-scaled.jpg\" alt=\"\" class=\"wp-image-253182\" srcset=\"https:\/\/arthurrosa.com\/wp-content\/uploads\/2026\/01\/025-pre-wedding-parque-do-coco-fortaleza-scaled.jpg 1638w, https:\/\/arthurrosa.com\/wp-content\/uploads\/2026\/01\/025-pre-wedding-parque-do-coco-fortaleza-480x600.jpg 480w, https:\/\/arthurrosa.com\/wp-content\/uploads\/2026\/01\/025-pre-wedding-parque-do-coco-fortaleza-864x1080.jpg 864w, https:\/\/arthurrosa.com\/wp-content\/uploads\/2026\/01\/025-pre-wedding-parque-do-coco-fortaleza-1229x1536.jpg 1229w\" sizes=\"(max-width: 1638px) 100vw, 1638px\" \/><\/figure>\n\n\n\n<figure class=\"wp-block-image size-full\"><img decoding=\"async\" width=\"1638\" height=\"2048\" data-id=\"253180\" src=\"https:\/\/arthurrosa.com\/wp-content\/uploads\/2026\/01\/026-pre-wedding-parque-do-coco-fortaleza-scaled.jpg\" alt=\"\" class=\"wp-image-253180\" srcset=\"https:\/\/arthurrosa.com\/wp-content\/uploads\/2026\/01\/026-pre-wedding-parque-do-coco-fortaleza-scaled.jpg 1638w, https:\/\/arthurrosa.com\/wp-content\/uploads\/2026\/01\/026-pre-wedding-parque-do-coco-fortaleza-480x600.jpg 480w, https:\/\/arthurrosa.com\/wp-content\/uploads\/2026\/01\/026-pre-wedding-parque-do-coco-fortaleza-864x1080.jpg 864w, https:\/\/arthurrosa.com\/wp-content\/uploads\/2026\/01\/026-pre-wedding-parque-do-coco-fortaleza-1229x1536.jpg 1229w\" sizes=\"(max-width: 1638px) 100vw, 1638px\" \/><\/figure>\n\n\n\n<figure class=\"wp-block-image size-full\"><img decoding=\"async\" width=\"1638\" height=\"2048\" data-id=\"253178\" src=\"https:\/\/arthurrosa.com\/wp-content\/uploads\/2026\/01\/027-pre-wedding-parque-do-coco-fortaleza-scaled.jpg\" alt=\"\" class=\"wp-image-253178\" srcset=\"https:\/\/arthurrosa.com\/wp-content\/uploads\/2026\/01\/027-pre-wedding-parque-do-coco-fortaleza-scaled.jpg 1638w, https:\/\/arthurrosa.com\/wp-content\/uploads\/2026\/01\/027-pre-wedding-parque-do-coco-fortaleza-480x600.jpg 480w, https:\/\/arthurrosa.com\/wp-content\/uploads\/2026\/01\/027-pre-wedding-parque-do-coco-fortaleza-864x1080.jpg 864w, https:\/\/arthurrosa.com\/wp-content\/uploads\/2026\/01\/027-pre-wedding-parque-do-coco-fortaleza-1229x1536.jpg 1229w\" sizes=\"(max-width: 1638px) 100vw, 1638px\" \/><\/figure>\n\n\n\n<figure class=\"wp-block-image size-full\"><img decoding=\"async\" width=\"1638\" height=\"2048\" data-id=\"253176\" src=\"https:\/\/arthurrosa.com\/wp-content\/uploads\/2026\/01\/028-pre-wedding-parque-do-coco-fortaleza-scaled.jpg\" alt=\"\" class=\"wp-image-253176\" srcset=\"https:\/\/arthurrosa.com\/wp-content\/uploads\/2026\/01\/028-pre-wedding-parque-do-coco-fortaleza-scaled.jpg 1638w, https:\/\/arthurrosa.com\/wp-content\/uploads\/2026\/01\/028-pre-wedding-parque-do-coco-fortaleza-480x600.jpg 480w, https:\/\/arthurrosa.com\/wp-content\/uploads\/2026\/01\/028-pre-wedding-parque-do-coco-fortaleza-864x1080.jpg 864w, https:\/\/arthurrosa.com\/wp-content\/uploads\/2026\/01\/028-pre-wedding-parque-do-coco-fortaleza-1229x1536.jpg 1229w\" sizes=\"(max-width: 1638px) 100vw, 1638px\" \/><\/figure>\n\n\n\n<figure class=\"wp-block-image size-full\"><img decoding=\"async\" width=\"1638\" height=\"2048\" data-id=\"253174\" src=\"https:\/\/arthurrosa.com\/wp-content\/uploads\/2026\/01\/029-pre-wedding-parque-do-coco-fortaleza-scaled.jpg\" alt=\"\" class=\"wp-image-253174\" srcset=\"https:\/\/arthurrosa.com\/wp-content\/uploads\/2026\/01\/029-pre-wedding-parque-do-coco-fortaleza-scaled.jpg 1638w, https:\/\/arthurrosa.com\/wp-content\/uploads\/2026\/01\/029-pre-wedding-parque-do-coco-fortaleza-480x600.jpg 480w, https:\/\/arthurrosa.com\/wp-content\/uploads\/2026\/01\/029-pre-wedding-parque-do-coco-fortaleza-864x1080.jpg 864w, https:\/\/arthurrosa.com\/wp-content\/uploads\/2026\/01\/029-pre-wedding-parque-do-coco-fortaleza-1229x1536.jpg 1229w\" sizes=\"(max-width: 1638px) 100vw, 1638px\" \/><\/figure>\n\n\n\n<figure class=\"wp-block-image size-full\"><img decoding=\"async\" width=\"1638\" height=\"2048\" data-id=\"253172\" src=\"https:\/\/arthurrosa.com\/wp-content\/uploads\/2026\/01\/030-pre-wedding-parque-do-coco-fortaleza-scaled.jpg\" alt=\"\" class=\"wp-image-253172\" srcset=\"https:\/\/arthurrosa.com\/wp-content\/uploads\/2026\/01\/030-pre-wedding-parque-do-coco-fortaleza-scaled.jpg 1638w, https:\/\/arthurrosa.com\/wp-content\/uploads\/2026\/01\/030-pre-wedding-parque-do-coco-fortaleza-480x600.jpg 480w, https:\/\/arthurrosa.com\/wp-content\/uploads\/2026\/01\/030-pre-wedding-parque-do-coco-fortaleza-864x1080.jpg 864w, https:\/\/arthurrosa.com\/wp-content\/uploads\/2026\/01\/030-pre-wedding-parque-do-coco-fortaleza-1229x1536.jpg 1229w\" sizes=\"(max-width: 1638px) 100vw, 1638px\" \/><\/figure>\n<\/figure>\n","protected":false},"excerpt":{"rendered":"<p>Pre-boda en el Parque do Coc\u00f3 en Fortaleza: la sesi\u00f3n de Elle y Lucas \ud83c\udf3f\u2728 Una sesi\u00f3n al aire libre, con caminata por el sendero, luz dorada de fin de tarde y una propuesta de matrimonio inesperada. \ud83d\udc8d\ud83c\udf05 Realizar una pre-boda en el Parque do Coc\u00f3, en Fortaleza, es elegir un escenario donde la naturaleza [&hellip;]<\/p>\n","protected":false},"author":1,"featured_media":268298,"comment_status":"closed","ping_status":"closed","sticky":false,"template":"","format":"standard","meta":{"_acf_changed":false,"_joinchat":[],"footnotes":""},"categories":[2635],"tags":[],"class_list":["post-268388","post","type-post","status-publish","format-standard","has-post-thumbnail","hentry","category-prebodas"],"acf":[],"yoast_head":"<!-- This site is optimized with the Yoast SEO Premium plugin v27.2 (Yoast SEO v27.2) - https:\/\/yoast.com\/product\/yoast-seo-premium-wordpress\/ -->\n<title>Sesi\u00f3n Preboda \u2014 Elle + Lucas - Arthur Rosa - fot\u00f3grafo de casamento<\/title>\n<meta name=\"robots\" content=\"index, follow, max-snippet:-1, max-image-preview:large, max-video-preview:-1\" \/>\n<link rel=\"canonical\" href=\"https:\/\/arthurrosa.com\/es\/pre-boda-elle-lucas\/\" \/>\n<meta property=\"og:locale\" content=\"es_ES\" \/>\n<meta property=\"og:type\" content=\"article\" \/>\n<meta property=\"og:title\" content=\"Sesi\u00f3n Preboda \u2014 Elle + Lucas\" \/>\n<meta property=\"og:description\" content=\"Pre-boda en el Parque do Coc\u00f3 en Fortaleza: la sesi\u00f3n de Elle y Lucas \ud83c\udf3f\u2728 Una sesi\u00f3n al aire libre, con caminata por el sendero, luz dorada de fin de tarde y una propuesta de matrimonio inesperada. \ud83d\udc8d\ud83c\udf05 Realizar una pre-boda en el Parque do Coc\u00f3, en Fortaleza, es elegir un escenario donde la naturaleza [&hellip;]\" \/>\n<meta property=\"og:url\" content=\"https:\/\/arthurrosa.com\/es\/pre-boda-elle-lucas\/\" \/>\n<meta property=\"og:site_name\" content=\"Arthur Rosa - fot\u00f3grafo de casamento\" \/>\n<meta property=\"article:publisher\" content=\"https:\/\/www.facebook.com\/ArthurRosa\" \/>\n<meta property=\"article:author\" content=\"https:\/\/www.facebook.com\/ArthurRosa88\" \/>\n<meta property=\"article:published_time\" content=\"2026-01-19T00:32:21+00:00\" \/>\n<meta property=\"article:modified_time\" content=\"2026-01-19T09:49:14+00:00\" \/>\n<meta property=\"og:image\" content=\"https:\/\/arthurrosa.com\/wp-content\/uploads\/2026\/01\/fotografo-pre-wedding-coco-fortaleza.jpg\" \/>\n\t<meta property=\"og:image:width\" content=\"2000\" \/>\n\t<meta property=\"og:image:height\" content=\"1333\" \/>\n\t<meta property=\"og:image:type\" content=\"image\/jpeg\" \/>\n<meta name=\"author\" content=\"Arthur Rosa\" \/>\n<meta name=\"twitter:card\" content=\"summary_large_image\" \/>\n<meta name=\"twitter:creator\" content=\"@arthurrosatv\" \/>\n<meta name=\"twitter:site\" content=\"@ArthurRosaTV\" \/>\n<meta name=\"twitter:label1\" content=\"Escrito por\" \/>\n\t<meta name=\"twitter:data1\" content=\"Arthur Rosa\" \/>\n\t<meta name=\"twitter:label2\" content=\"Tiempo de lectura\" \/>\n\t<meta name=\"twitter:data2\" content=\"10 minuto\" \/>\n<script type=\"application\/ld+json\" class=\"yoast-schema-graph\">{\"@context\":\"https:\/\/schema.org\",\"@graph\":[{\"@type\":\"Article\",\"@id\":\"https:\/\/arthurrosa.com\/es\/pre-boda-elle-lucas\/#article\",\"isPartOf\":{\"@id\":\"https:\/\/arthurrosa.com\/es\/pre-boda-elle-lucas\/\"},\"author\":{\"name\":\"Arthur Rosa\",\"@id\":\"https:\/\/arthurrosa.com\/es\/#\/schema\/person\/ee5a2b039153ca312cc6db935a23cc06\"},\"headline\":\"Sesi\u00f3n Preboda \u2014 Elle + Lucas\",\"datePublished\":\"2026-01-19T00:32:21+00:00\",\"dateModified\":\"2026-01-19T09:49:14+00:00\",\"mainEntityOfPage\":{\"@id\":\"https:\/\/arthurrosa.com\/es\/pre-boda-elle-lucas\/\"},\"wordCount\":544,\"image\":{\"@id\":\"https:\/\/arthurrosa.com\/es\/pre-boda-elle-lucas\/#primaryimage\"},\"thumbnailUrl\":\"https:\/\/arthurrosa.com\/wp-content\/uploads\/2026\/01\/fotografo-pre-wedding-coco-fortaleza.jpg\",\"articleSection\":[\"Sesi\u00f3n Preboda\"],\"inLanguage\":\"es\"},{\"@type\":\"WebPage\",\"@id\":\"https:\/\/arthurrosa.com\/es\/pre-boda-elle-lucas\/\",\"url\":\"https:\/\/arthurrosa.com\/es\/pre-boda-elle-lucas\/\",\"name\":\"Sesi\u00f3n Preboda \u2014 Elle + Lucas - Arthur Rosa - fot\u00f3grafo de casamento\",\"isPartOf\":{\"@id\":\"https:\/\/arthurrosa.com\/es\/#website\"},\"primaryImageOfPage\":{\"@id\":\"https:\/\/arthurrosa.com\/es\/pre-boda-elle-lucas\/#primaryimage\"},\"image\":{\"@id\":\"https:\/\/arthurrosa.com\/es\/pre-boda-elle-lucas\/#primaryimage\"},\"thumbnailUrl\":\"https:\/\/arthurrosa.com\/wp-content\/uploads\/2026\/01\/fotografo-pre-wedding-coco-fortaleza.jpg\",\"datePublished\":\"2026-01-19T00:32:21+00:00\",\"dateModified\":\"2026-01-19T09:49:14+00:00\",\"author\":{\"@id\":\"https:\/\/arthurrosa.com\/es\/#\/schema\/person\/ee5a2b039153ca312cc6db935a23cc06\"},\"breadcrumb\":{\"@id\":\"https:\/\/arthurrosa.com\/es\/pre-boda-elle-lucas\/#breadcrumb\"},\"inLanguage\":\"es\",\"potentialAction\":[{\"@type\":\"ReadAction\",\"target\":[\"https:\/\/arthurrosa.com\/es\/pre-boda-elle-lucas\/\"]}]},{\"@type\":\"ImageObject\",\"inLanguage\":\"es\",\"@id\":\"https:\/\/arthurrosa.com\/es\/pre-boda-elle-lucas\/#primaryimage\",\"url\":\"https:\/\/arthurrosa.com\/wp-content\/uploads\/2026\/01\/fotografo-pre-wedding-coco-fortaleza.jpg\",\"contentUrl\":\"https:\/\/arthurrosa.com\/wp-content\/uploads\/2026\/01\/fotografo-pre-wedding-coco-fortaleza.jpg\",\"width\":2000,\"height\":1333},{\"@type\":\"BreadcrumbList\",\"@id\":\"https:\/\/arthurrosa.com\/es\/pre-boda-elle-lucas\/#breadcrumb\",\"itemListElement\":[{\"@type\":\"ListItem\",\"position\":1,\"name\":\"In\u00edcio\",\"item\":\"https:\/\/arthurrosa.com\/es\/\"},{\"@type\":\"ListItem\",\"position\":2,\"name\":\"Sesi\u00f3n Preboda \u2014 Elle + Lucas\"}]},{\"@type\":\"WebSite\",\"@id\":\"https:\/\/arthurrosa.com\/es\/#website\",\"url\":\"https:\/\/arthurrosa.com\/es\/\",\"name\":\"Arthur Rosa - fot\u00f3grafo de casamento\",\"description\":\"Fot\u00f3grafo de casamento em Fortaleza-CE, Arthur Rosa \u00e9 um dos mais requisitados fot\u00f3grafos na atualidade.\",\"potentialAction\":[{\"@type\":\"SearchAction\",\"target\":{\"@type\":\"EntryPoint\",\"urlTemplate\":\"https:\/\/arthurrosa.com\/es\/?s={search_term_string}\"},\"query-input\":{\"@type\":\"PropertyValueSpecification\",\"valueRequired\":true,\"valueName\":\"search_term_string\"}}],\"inLanguage\":\"es\"},{\"@type\":\"Person\",\"@id\":\"https:\/\/arthurrosa.com\/es\/#\/schema\/person\/ee5a2b039153ca312cc6db935a23cc06\",\"name\":\"Arthur Rosa\",\"sameAs\":[\"https:\/\/arthurrosa.com\",\"https:\/\/www.facebook.com\/ArthurRosa88\",\"https:\/\/instagram.com\/arthurrosa\",\"https:\/\/x.com\/arthurrosatv\",\"https:\/\/www.youtube.com\/channel\/UCTK7humNprqYkhgEzA2A5pg\",\"http:\/\/arthur-rosa.tumblr.com\/\"],\"birthDate\":\"1988-05-21\",\"gender\":\"masculino\",\"knowsLanguage\":[\"Portugu\u00eas\",\"Ingl\u00eas\"],\"jobTitle\":\"fot\u00f3grafo de casamento\",\"worksFor\":\"Arthur Rosa - fot\u00f3grafo de casamento\"}]}<\/script>\n<!-- \/ Yoast SEO Premium plugin. -->","yoast_head_json":{"title":"Sesi\u00f3n Preboda \u2014 Elle + Lucas - Arthur Rosa - fot\u00f3grafo de casamento","robots":{"index":"index","follow":"follow","max-snippet":"max-snippet:-1","max-image-preview":"max-image-preview:large","max-video-preview":"max-video-preview:-1"},"canonical":"https:\/\/arthurrosa.com\/es\/pre-boda-elle-lucas\/","og_locale":"es_ES","og_type":"article","og_title":"Sesi\u00f3n Preboda \u2014 Elle + Lucas","og_description":"Pre-boda en el Parque do Coc\u00f3 en Fortaleza: la sesi\u00f3n de Elle y Lucas \ud83c\udf3f\u2728 Una sesi\u00f3n al aire libre, con caminata por el sendero, luz dorada de fin de tarde y una propuesta de matrimonio inesperada. \ud83d\udc8d\ud83c\udf05 Realizar una pre-boda en el Parque do Coc\u00f3, en Fortaleza, es elegir un escenario donde la naturaleza [&hellip;]","og_url":"https:\/\/arthurrosa.com\/es\/pre-boda-elle-lucas\/","og_site_name":"Arthur Rosa - fot\u00f3grafo de casamento","article_publisher":"https:\/\/www.facebook.com\/ArthurRosa","article_author":"https:\/\/www.facebook.com\/ArthurRosa88","article_published_time":"2026-01-19T00:32:21+00:00","article_modified_time":"2026-01-19T09:49:14+00:00","og_image":[{"width":2000,"height":1333,"url":"https:\/\/arthurrosa.com\/wp-content\/uploads\/2026\/01\/fotografo-pre-wedding-coco-fortaleza.jpg","type":"image\/jpeg"}],"author":"Arthur Rosa","twitter_card":"summary_large_image","twitter_creator":"@arthurrosatv","twitter_site":"@ArthurRosaTV","twitter_misc":{"Escrito por":"Arthur Rosa","Tiempo de lectura":"10 minuto"},"schema":{"@context":"https:\/\/schema.org","@graph":[{"@type":"Article","@id":"https:\/\/arthurrosa.com\/es\/pre-boda-elle-lucas\/#article","isPartOf":{"@id":"https:\/\/arthurrosa.com\/es\/pre-boda-elle-lucas\/"},"author":{"name":"Arthur Rosa","@id":"https:\/\/arthurrosa.com\/es\/#\/schema\/person\/ee5a2b039153ca312cc6db935a23cc06"},"headline":"Sesi\u00f3n Preboda \u2014 Elle + Lucas","datePublished":"2026-01-19T00:32:21+00:00","dateModified":"2026-01-19T09:49:14+00:00","mainEntityOfPage":{"@id":"https:\/\/arthurrosa.com\/es\/pre-boda-elle-lucas\/"},"wordCount":544,"image":{"@id":"https:\/\/arthurrosa.com\/es\/pre-boda-elle-lucas\/#primaryimage"},"thumbnailUrl":"https:\/\/arthurrosa.com\/wp-content\/uploads\/2026\/01\/fotografo-pre-wedding-coco-fortaleza.jpg","articleSection":["Sesi\u00f3n Preboda"],"inLanguage":"es"},{"@type":"WebPage","@id":"https:\/\/arthurrosa.com\/es\/pre-boda-elle-lucas\/","url":"https:\/\/arthurrosa.com\/es\/pre-boda-elle-lucas\/","name":"Sesi\u00f3n Preboda \u2014 Elle + Lucas - Arthur Rosa - fot\u00f3grafo de casamento","isPartOf":{"@id":"https:\/\/arthurrosa.com\/es\/#website"},"primaryImageOfPage":{"@id":"https:\/\/arthurrosa.com\/es\/pre-boda-elle-lucas\/#primaryimage"},"image":{"@id":"https:\/\/arthurrosa.com\/es\/pre-boda-elle-lucas\/#primaryimage"},"thumbnailUrl":"https:\/\/arthurrosa.com\/wp-content\/uploads\/2026\/01\/fotografo-pre-wedding-coco-fortaleza.jpg","datePublished":"2026-01-19T00:32:21+00:00","dateModified":"2026-01-19T09:49:14+00:00","author":{"@id":"https:\/\/arthurrosa.com\/es\/#\/schema\/person\/ee5a2b039153ca312cc6db935a23cc06"},"breadcrumb":{"@id":"https:\/\/arthurrosa.com\/es\/pre-boda-elle-lucas\/#breadcrumb"},"inLanguage":"es","potentialAction":[{"@type":"ReadAction","target":["https:\/\/arthurrosa.com\/es\/pre-boda-elle-lucas\/"]}]},{"@type":"ImageObject","inLanguage":"es","@id":"https:\/\/arthurrosa.com\/es\/pre-boda-elle-lucas\/#primaryimage","url":"https:\/\/arthurrosa.com\/wp-content\/uploads\/2026\/01\/fotografo-pre-wedding-coco-fortaleza.jpg","contentUrl":"https:\/\/arthurrosa.com\/wp-content\/uploads\/2026\/01\/fotografo-pre-wedding-coco-fortaleza.jpg","width":2000,"height":1333},{"@type":"BreadcrumbList","@id":"https:\/\/arthurrosa.com\/es\/pre-boda-elle-lucas\/#breadcrumb","itemListElement":[{"@type":"ListItem","position":1,"name":"In\u00edcio","item":"https:\/\/arthurrosa.com\/es\/"},{"@type":"ListItem","position":2,"name":"Sesi\u00f3n Preboda \u2014 Elle + Lucas"}]},{"@type":"WebSite","@id":"https:\/\/arthurrosa.com\/es\/#website","url":"https:\/\/arthurrosa.com\/es\/","name":"Arthur Rosa - fot\u00f3grafo de casamento","description":"Fot\u00f3grafo de casamento em Fortaleza-CE, Arthur Rosa \u00e9 um dos mais requisitados fot\u00f3grafos na atualidade.","potentialAction":[{"@type":"SearchAction","target":{"@type":"EntryPoint","urlTemplate":"https:\/\/arthurrosa.com\/es\/?s={search_term_string}"},"query-input":{"@type":"PropertyValueSpecification","valueRequired":true,"valueName":"search_term_string"}}],"inLanguage":"es"},{"@type":"Person","@id":"https:\/\/arthurrosa.com\/es\/#\/schema\/person\/ee5a2b039153ca312cc6db935a23cc06","name":"Arthur Rosa","sameAs":["https:\/\/arthurrosa.com","https:\/\/www.facebook.com\/ArthurRosa88","https:\/\/instagram.com\/arthurrosa","https:\/\/x.com\/arthurrosatv","https:\/\/www.youtube.com\/channel\/UCTK7humNprqYkhgEzA2A5pg","http:\/\/arthur-rosa.tumblr.com\/"],"birthDate":"1988-05-21","gender":"masculino","knowsLanguage":["Portugu\u00eas","Ingl\u00eas"],"jobTitle":"fot\u00f3grafo de casamento","worksFor":"Arthur Rosa - fot\u00f3grafo de casamento"}]}},"featured_image_src":"https:\/\/arthurrosa.com\/wp-content\/uploads\/2026\/01\/fotografo-pre-wedding-coco-fortaleza-600x400.jpg","featured_image_src_square":"https:\/\/arthurrosa.com\/wp-content\/uploads\/2026\/01\/fotografo-pre-wedding-coco-fortaleza-600x600.jpg","author_info":{"display_name":"Arthur Rosa","author_link":"https:\/\/arthurrosa.com\/es\/author\/arthur-rosa\/"},"_links":{"self":[{"href":"https:\/\/arthurrosa.com\/es\/wp-json\/wp\/v2\/posts\/268388","targetHints":{"allow":["GET"]}}],"collection":[{"href":"https:\/\/arthurrosa.com\/es\/wp-json\/wp\/v2\/posts"}],"about":[{"href":"https:\/\/arthurrosa.com\/es\/wp-json\/wp\/v2\/types\/post"}],"author":[{"embeddable":true,"href":"https:\/\/arthurrosa.com\/es\/wp-json\/wp\/v2\/users\/1"}],"replies":[{"embeddable":true,"href":"https:\/\/arthurrosa.com\/es\/wp-json\/wp\/v2\/comments?post=268388"}],"version-history":[{"count":2,"href":"https:\/\/arthurrosa.com\/es\/wp-json\/wp\/v2\/posts\/268388\/revisions"}],"predecessor-version":[{"id":268396,"href":"https:\/\/arthurrosa.com\/es\/wp-json\/wp\/v2\/posts\/268388\/revisions\/268396"}],"wp:featuredmedia":[{"embeddable":true,"href":"https:\/\/arthurrosa.com\/es\/wp-json\/wp\/v2\/media\/268298"}],"wp:attachment":[{"href":"https:\/\/arthurrosa.com\/es\/wp-json\/wp\/v2\/media?parent=268388"}],"wp:term":[{"taxonomy":"category","embeddable":true,"href":"https:\/\/arthurrosa.com\/es\/wp-json\/wp\/v2\/categories?post=268388"},{"taxonomy":"post_tag","embeddable":true,"href":"https:\/\/arthurrosa.com\/es\/wp-json\/wp\/v2\/tags?post=268388"}],"curies":[{"name":"wp","href":"https:\/\/api.w.org\/{rel}","templated":true}]}}