{"id":253370,"date":"2026-01-17T08:37:30","date_gmt":"2026-01-17T11:37:30","guid":{"rendered":"https:\/\/arthurrosa.com\/?p=253370"},"modified":"2026-01-17T09:16:44","modified_gmt":"2026-01-17T12:16:44","slug":"sesion-preboda-cumbuco-brasil","status":"publish","type":"post","link":"https:\/\/arthurrosa.com\/es\/sesion-preboda-cumbuco-brasil\/","title":{"rendered":"Sesi\u00f3n Preboda &#8211; Mariana + Tiago"},"content":{"rendered":"\n<div class=\"uk-article uk-margin-large-bottom\">\n\n    <div class=\"uk-dropcap uk-text-justify uk-margin-medium-bottom\">\n        <p>\n            Hay encuentros que el destino reserva de forma especial. <strong>Mariana y Tiago<\/strong> cruzaron el Atl\u00e1ntico desde Portugal con un prop\u00f3sito inicial: celebrar la boda de unos grandes amigos aqu\u00ed en Cear\u00e1. Sin embargo, decidieron que su viaje por tierras brasile\u00f1as merec\u00eda un registro propio, aprovechando el clima tropical para realizar una sesi\u00f3n preboda que conectara su historia con los paisajes ic\u00f3nicos de nuestra costa.\n        <\/p>\n    <\/div>\n\n    <div class=\"uk-column-1-2@m uk-column-divider uk-margin-large-bottom\">\n        <p>\n            Elegimos la <strong>Playa de Cumbuco<\/strong> como escenario principal. Comenzamos la tarde explorando las cercan\u00edas del <strong>Pico das Almas<\/strong>, un lugar que ofrece una textura natural \u00fanica y una tranquilidad ideal para quienes buscan escapar del movimiento y enfocarse en lo que realmente importa: la conexi\u00f3n. \n        <\/p>\n        <p>\n            Fotografiar a Mariana y Tiago fue una tarea incre\u00edblemente fluida. Existe una naturalidad \u00fanica en su forma de interactuar; su conexi\u00f3n es visible en cada gesto, lo que me permiti\u00f3 trabajar de forma m\u00e1s documental, capturando la esencia de la pareja sin necesidad de poses r\u00edgidas o forzadas.\n        <\/p>\n    <\/div>\n\n    <div class=\"uk-card uk-card-default uk-card-body uk-border-rounded uk-box-shadow-small uk-margin-large-bottom\">\n        <div class=\"uk-child-width-1-2@s uk-grid-large uk-flex-middle\" uk-grid>\n            <div>\n                <h3 class=\"uk-h2 uk-heading-bullet\">El Oro de Cear\u00e1<\/h3>\n                <p>\n                    Tuvimos mucha suerte con las condiciones clim\u00e1ticas. Cear\u00e1 nos regal\u00f3 un cielo azul profundo y una luz limpia, que se convirti\u00f3 en un espect\u00e1culo aparte cuando decidimos subir a las <strong>Dunas de Cumbuco<\/strong> para el cierre.\n                <\/p>\n            <\/div>\n            <div>\n                <p>\n                    Finalizar la sesi\u00f3n en la cima de las dunas durante el atardecer es siempre una experiencia m\u00e1gica. El tono dorado que ba\u00f1a la arena cre\u00f3 el contraste perfecto para resaltar el cari\u00f1o de la pareja, resultando en im\u00e1genes que transmiten exactamente la paz y la alegr\u00eda que vivieron aquel d\u00eda.\n                <\/p>\n            <\/div>\n        <\/div>\n    <\/div>\n\n    <div class=\"uk-section uk-section-xsmall uk-padding-remove-horizontal\">\n        <h4 class=\"uk-heading-line uk-text-center\"><span>Detr\u00e1s de C\u00e1maras<\/span><\/h4>\n        <p class=\"uk-text-center uk-text-muted uk-margin-medium-top\">\n            Para esta sesi\u00f3n, busqu\u00e9 una est\u00e9tica que uniera el retrato cl\u00e1sico con la fotograf\u00eda de paisaje, utilizando el sistema RF de Canon:\n        <\/p>\n        <div class=\"uk-grid-small uk-child-width-1-2@s uk-text-center uk-margin-top\" uk-grid>\n            <div>\n                <div class=\"uk-panel uk-padding-small uk-background-muted uk-border-rounded\">\n                    <span uk-icon=\"icon: camera; ratio: 1.2\"><\/span>\n                    <p class=\"uk-margin-small-top\"><strong>Canon RF 85mm 1.2<\/strong><br> Responsable de los retratos m\u00e1s cerrados, con un aislamiento impecable y una nitidez extrema.<\/p>\n                <\/div>\n            <\/div>\n            <div>\n                <div class=\"uk-panel uk-padding-small uk-background-muted uk-border-rounded\">\n                    <span uk-icon=\"icon: image; ratio: 1.2\"><\/span>\n                    <p class=\"uk-margin-small-top\"><strong>Canon RF 35mm 1.8<\/strong><br> La elecci\u00f3n ideal para mostrar la inmensidad de las dunas e incluir el entorno en la narrativa de la pareja.<\/p>\n                <\/div>\n            <\/div>\n        <\/div>\n    <\/div>\n\n    <hr class=\"uk-margin-large-top\">\n    <div class=\"uk-section uk-section-muted uk-border-rounded uk-padding-large uk-margin-medium-top uk-text-center\">\n        <h3 class=\"uk-h2\">\u00bfTe gust\u00f3 esta sesi\u00f3n Preboda en Cumbuco?<\/h3>\n        <p class=\"uk-text-lead\">Si t\u00fa tambi\u00e9n planeas registrar tu momento especial en Cear\u00e1, me encantar\u00eda contar tu historia a trav\u00e9s de mi lente.<\/p>\n        <div class=\"uk-margin-medium-top\">\n            <a href=\"https:\/\/arthurrosa.com\/es\/contacto\/\" class=\"uk-button uk-button-primary uk-button-large uk-border-rounded\">\n                Solicitar Presupuesto\n            <\/a>\n        <\/div>\n    <\/div>\n\n<\/div>\n\n\n\n<figure class=\"wp-block-gallery has-nested-images columns-1 wp-block-gallery-1 is-layout-flex wp-block-gallery-is-layout-flex\">\n<figure class=\"wp-block-image size-full\"><img decoding=\"async\" width=\"1920\" height=\"1536\" data-id=\"268329\" src=\"https:\/\/arthurrosa.com\/wp-content\/uploads\/2026\/01\/061-pre-wedding-cumbuco-fotos.jpg\" alt=\"\" class=\"wp-image-268329\" srcset=\"https:\/\/arthurrosa.com\/wp-content\/uploads\/2026\/01\/061-pre-wedding-cumbuco-fotos.jpg 1920w, https:\/\/arthurrosa.com\/wp-content\/uploads\/2026\/01\/061-pre-wedding-cumbuco-fotos-750x600.jpg 750w, https:\/\/arthurrosa.com\/wp-content\/uploads\/2026\/01\/061-pre-wedding-cumbuco-fotos-1350x1080.jpg 1350w, https:\/\/arthurrosa.com\/wp-content\/uploads\/2026\/01\/061-pre-wedding-cumbuco-fotos-1536x1229.jpg 1536w\" sizes=\"(max-width: 1920px) 100vw, 1920px\" \/><\/figure>\n\n\n\n<figure class=\"wp-block-image size-full\"><img decoding=\"async\" width=\"1638\" height=\"2048\" data-id=\"268348\" src=\"https:\/\/arthurrosa.com\/wp-content\/uploads\/2026\/01\/078-pre-wedding-cumbuco-fotos-scaled.jpg\" alt=\"\" class=\"wp-image-268348\" srcset=\"https:\/\/arthurrosa.com\/wp-content\/uploads\/2026\/01\/078-pre-wedding-cumbuco-fotos-scaled.jpg 1638w, https:\/\/arthurrosa.com\/wp-content\/uploads\/2026\/01\/078-pre-wedding-cumbuco-fotos-480x600.jpg 480w, https:\/\/arthurrosa.com\/wp-content\/uploads\/2026\/01\/078-pre-wedding-cumbuco-fotos-864x1080.jpg 864w, https:\/\/arthurrosa.com\/wp-content\/uploads\/2026\/01\/078-pre-wedding-cumbuco-fotos-1229x1536.jpg 1229w\" sizes=\"(max-width: 1638px) 100vw, 1638px\" \/><\/figure>\n\n\n\n<figure class=\"wp-block-image size-full\"><img decoding=\"async\" width=\"1638\" height=\"2048\" data-id=\"268347\" src=\"https:\/\/arthurrosa.com\/wp-content\/uploads\/2026\/01\/077-pre-wedding-cumbuco-fotos-scaled.jpg\" alt=\"\" class=\"wp-image-268347\" srcset=\"https:\/\/arthurrosa.com\/wp-content\/uploads\/2026\/01\/077-pre-wedding-cumbuco-fotos-scaled.jpg 1638w, https:\/\/arthurrosa.com\/wp-content\/uploads\/2026\/01\/077-pre-wedding-cumbuco-fotos-480x600.jpg 480w, https:\/\/arthurrosa.com\/wp-content\/uploads\/2026\/01\/077-pre-wedding-cumbuco-fotos-864x1080.jpg 864w, https:\/\/arthurrosa.com\/wp-content\/uploads\/2026\/01\/077-pre-wedding-cumbuco-fotos-1229x1536.jpg 1229w\" sizes=\"(max-width: 1638px) 100vw, 1638px\" \/><\/figure>\n\n\n\n<figure class=\"wp-block-image size-full\"><img decoding=\"async\" width=\"1920\" height=\"1196\" data-id=\"268346\" src=\"https:\/\/arthurrosa.com\/wp-content\/uploads\/2026\/01\/076-pre-wedding-cumbuco-fotos.jpg\" alt=\"\" class=\"wp-image-268346\" srcset=\"https:\/\/arthurrosa.com\/wp-content\/uploads\/2026\/01\/076-pre-wedding-cumbuco-fotos.jpg 1920w, https:\/\/arthurrosa.com\/wp-content\/uploads\/2026\/01\/076-pre-wedding-cumbuco-fotos-900x561.jpg 900w, https:\/\/arthurrosa.com\/wp-content\/uploads\/2026\/01\/076-pre-wedding-cumbuco-fotos-1734x1080.jpg 1734w, https:\/\/arthurrosa.com\/wp-content\/uploads\/2026\/01\/076-pre-wedding-cumbuco-fotos-1536x957.jpg 1536w\" sizes=\"(max-width: 1920px) 100vw, 1920px\" \/><\/figure>\n\n\n\n<figure class=\"wp-block-image size-full\"><img decoding=\"async\" width=\"1638\" height=\"2048\" data-id=\"268345\" src=\"https:\/\/arthurrosa.com\/wp-content\/uploads\/2026\/01\/075-pre-wedding-cumbuco-fotos-scaled.jpg\" alt=\"\" class=\"wp-image-268345\" srcset=\"https:\/\/arthurrosa.com\/wp-content\/uploads\/2026\/01\/075-pre-wedding-cumbuco-fotos-scaled.jpg 1638w, https:\/\/arthurrosa.com\/wp-content\/uploads\/2026\/01\/075-pre-wedding-cumbuco-fotos-480x600.jpg 480w, https:\/\/arthurrosa.com\/wp-content\/uploads\/2026\/01\/075-pre-wedding-cumbuco-fotos-864x1080.jpg 864w, https:\/\/arthurrosa.com\/wp-content\/uploads\/2026\/01\/075-pre-wedding-cumbuco-fotos-1229x1536.jpg 1229w\" sizes=\"(max-width: 1638px) 100vw, 1638px\" \/><\/figure>\n\n\n\n<figure class=\"wp-block-image size-full\"><img decoding=\"async\" width=\"1365\" height=\"2048\" data-id=\"268344\" src=\"https:\/\/arthurrosa.com\/wp-content\/uploads\/2026\/01\/074-pre-wedding-cumbuco-fotos-scaled.jpg\" alt=\"\" class=\"wp-image-268344\" srcset=\"https:\/\/arthurrosa.com\/wp-content\/uploads\/2026\/01\/074-pre-wedding-cumbuco-fotos-scaled.jpg 1365w, https:\/\/arthurrosa.com\/wp-content\/uploads\/2026\/01\/074-pre-wedding-cumbuco-fotos-400x600.jpg 400w, https:\/\/arthurrosa.com\/wp-content\/uploads\/2026\/01\/074-pre-wedding-cumbuco-fotos-720x1080.jpg 720w, https:\/\/arthurrosa.com\/wp-content\/uploads\/2026\/01\/074-pre-wedding-cumbuco-fotos-1024x1536.jpg 1024w\" sizes=\"(max-width: 1365px) 100vw, 1365px\" \/><\/figure>\n\n\n\n<figure class=\"wp-block-image size-full\"><img decoding=\"async\" width=\"1638\" height=\"2048\" data-id=\"268343\" src=\"https:\/\/arthurrosa.com\/wp-content\/uploads\/2026\/01\/073-pre-wedding-cumbuco-fotos-scaled.jpg\" alt=\"\" class=\"wp-image-268343\" srcset=\"https:\/\/arthurrosa.com\/wp-content\/uploads\/2026\/01\/073-pre-wedding-cumbuco-fotos-scaled.jpg 1638w, https:\/\/arthurrosa.com\/wp-content\/uploads\/2026\/01\/073-pre-wedding-cumbuco-fotos-480x600.jpg 480w, https:\/\/arthurrosa.com\/wp-content\/uploads\/2026\/01\/073-pre-wedding-cumbuco-fotos-864x1080.jpg 864w, https:\/\/arthurrosa.com\/wp-content\/uploads\/2026\/01\/073-pre-wedding-cumbuco-fotos-1229x1536.jpg 1229w\" sizes=\"(max-width: 1638px) 100vw, 1638px\" \/><\/figure>\n\n\n\n<figure class=\"wp-block-image size-full\"><img decoding=\"async\" width=\"1920\" height=\"1435\" data-id=\"268342\" src=\"https:\/\/arthurrosa.com\/wp-content\/uploads\/2026\/01\/072-pre-wedding-cumbuco-fotos.jpg\" alt=\"\" class=\"wp-image-268342\" srcset=\"https:\/\/arthurrosa.com\/wp-content\/uploads\/2026\/01\/072-pre-wedding-cumbuco-fotos.jpg 1920w, https:\/\/arthurrosa.com\/wp-content\/uploads\/2026\/01\/072-pre-wedding-cumbuco-fotos-803x600.jpg 803w, https:\/\/arthurrosa.com\/wp-content\/uploads\/2026\/01\/072-pre-wedding-cumbuco-fotos-1445x1080.jpg 1445w, https:\/\/arthurrosa.com\/wp-content\/uploads\/2026\/01\/072-pre-wedding-cumbuco-fotos-1536x1148.jpg 1536w\" sizes=\"(max-width: 1920px) 100vw, 1920px\" \/><\/figure>\n\n\n\n<figure class=\"wp-block-image size-full\"><img decoding=\"async\" width=\"1920\" height=\"1196\" data-id=\"268341\" src=\"https:\/\/arthurrosa.com\/wp-content\/uploads\/2026\/01\/071-pre-wedding-cumbuco-fotos.jpg\" alt=\"\" class=\"wp-image-268341\" srcset=\"https:\/\/arthurrosa.com\/wp-content\/uploads\/2026\/01\/071-pre-wedding-cumbuco-fotos.jpg 1920w, https:\/\/arthurrosa.com\/wp-content\/uploads\/2026\/01\/071-pre-wedding-cumbuco-fotos-900x561.jpg 900w, https:\/\/arthurrosa.com\/wp-content\/uploads\/2026\/01\/071-pre-wedding-cumbuco-fotos-1734x1080.jpg 1734w, https:\/\/arthurrosa.com\/wp-content\/uploads\/2026\/01\/071-pre-wedding-cumbuco-fotos-1536x957.jpg 1536w\" sizes=\"(max-width: 1920px) 100vw, 1920px\" \/><\/figure>\n\n\n\n<figure class=\"wp-block-image size-full\"><img decoding=\"async\" width=\"1638\" height=\"2048\" data-id=\"268340\" src=\"https:\/\/arthurrosa.com\/wp-content\/uploads\/2026\/01\/070-pre-wedding-cumbuco-fotos-scaled.jpg\" alt=\"\" class=\"wp-image-268340\" srcset=\"https:\/\/arthurrosa.com\/wp-content\/uploads\/2026\/01\/070-pre-wedding-cumbuco-fotos-scaled.jpg 1638w, https:\/\/arthurrosa.com\/wp-content\/uploads\/2026\/01\/070-pre-wedding-cumbuco-fotos-480x600.jpg 480w, https:\/\/arthurrosa.com\/wp-content\/uploads\/2026\/01\/070-pre-wedding-cumbuco-fotos-864x1080.jpg 864w, https:\/\/arthurrosa.com\/wp-content\/uploads\/2026\/01\/070-pre-wedding-cumbuco-fotos-1229x1536.jpg 1229w\" sizes=\"(max-width: 1638px) 100vw, 1638px\" \/><\/figure>\n\n\n\n<figure class=\"wp-block-image size-full\"><img decoding=\"async\" width=\"1638\" height=\"2048\" data-id=\"268339\" src=\"https:\/\/arthurrosa.com\/wp-content\/uploads\/2026\/01\/069-pre-wedding-cumbuco-fotos-scaled.jpg\" alt=\"\" class=\"wp-image-268339\" srcset=\"https:\/\/arthurrosa.com\/wp-content\/uploads\/2026\/01\/069-pre-wedding-cumbuco-fotos-scaled.jpg 1638w, https:\/\/arthurrosa.com\/wp-content\/uploads\/2026\/01\/069-pre-wedding-cumbuco-fotos-480x600.jpg 480w, https:\/\/arthurrosa.com\/wp-content\/uploads\/2026\/01\/069-pre-wedding-cumbuco-fotos-864x1080.jpg 864w, https:\/\/arthurrosa.com\/wp-content\/uploads\/2026\/01\/069-pre-wedding-cumbuco-fotos-1229x1536.jpg 1229w\" sizes=\"(max-width: 1638px) 100vw, 1638px\" \/><\/figure>\n\n\n\n<figure class=\"wp-block-image size-full\"><img decoding=\"async\" width=\"1638\" height=\"2048\" data-id=\"268338\" src=\"https:\/\/arthurrosa.com\/wp-content\/uploads\/2026\/01\/068-pre-wedding-cumbuco-fotos-scaled.jpg\" alt=\"\" class=\"wp-image-268338\" srcset=\"https:\/\/arthurrosa.com\/wp-content\/uploads\/2026\/01\/068-pre-wedding-cumbuco-fotos-scaled.jpg 1638w, https:\/\/arthurrosa.com\/wp-content\/uploads\/2026\/01\/068-pre-wedding-cumbuco-fotos-480x600.jpg 480w, https:\/\/arthurrosa.com\/wp-content\/uploads\/2026\/01\/068-pre-wedding-cumbuco-fotos-864x1080.jpg 864w, https:\/\/arthurrosa.com\/wp-content\/uploads\/2026\/01\/068-pre-wedding-cumbuco-fotos-1229x1536.jpg 1229w\" sizes=\"(max-width: 1638px) 100vw, 1638px\" \/><\/figure>\n\n\n\n<figure class=\"wp-block-image size-full\"><img decoding=\"async\" width=\"1638\" height=\"2048\" data-id=\"268337\" src=\"https:\/\/arthurrosa.com\/wp-content\/uploads\/2026\/01\/067-pre-wedding-cumbuco-fotos-scaled.jpg\" alt=\"\" class=\"wp-image-268337\" srcset=\"https:\/\/arthurrosa.com\/wp-content\/uploads\/2026\/01\/067-pre-wedding-cumbuco-fotos-scaled.jpg 1638w, https:\/\/arthurrosa.com\/wp-content\/uploads\/2026\/01\/067-pre-wedding-cumbuco-fotos-480x600.jpg 480w, https:\/\/arthurrosa.com\/wp-content\/uploads\/2026\/01\/067-pre-wedding-cumbuco-fotos-864x1080.jpg 864w, https:\/\/arthurrosa.com\/wp-content\/uploads\/2026\/01\/067-pre-wedding-cumbuco-fotos-1229x1536.jpg 1229w\" sizes=\"(max-width: 1638px) 100vw, 1638px\" \/><\/figure>\n\n\n\n<figure class=\"wp-block-image size-full\"><img decoding=\"async\" width=\"1638\" height=\"2048\" data-id=\"268336\" src=\"https:\/\/arthurrosa.com\/wp-content\/uploads\/2026\/01\/066-pre-wedding-cumbuco-fotos-scaled.jpg\" alt=\"\" class=\"wp-image-268336\" srcset=\"https:\/\/arthurrosa.com\/wp-content\/uploads\/2026\/01\/066-pre-wedding-cumbuco-fotos-scaled.jpg 1638w, https:\/\/arthurrosa.com\/wp-content\/uploads\/2026\/01\/066-pre-wedding-cumbuco-fotos-480x600.jpg 480w, https:\/\/arthurrosa.com\/wp-content\/uploads\/2026\/01\/066-pre-wedding-cumbuco-fotos-864x1080.jpg 864w, https:\/\/arthurrosa.com\/wp-content\/uploads\/2026\/01\/066-pre-wedding-cumbuco-fotos-1229x1536.jpg 1229w\" sizes=\"(max-width: 1638px) 100vw, 1638px\" \/><\/figure>\n\n\n\n<figure class=\"wp-block-image size-full\"><img decoding=\"async\" width=\"1638\" height=\"2048\" data-id=\"268335\" src=\"https:\/\/arthurrosa.com\/wp-content\/uploads\/2026\/01\/065-pre-wedding-cumbuco-fotos-scaled.jpg\" alt=\"\" class=\"wp-image-268335\" srcset=\"https:\/\/arthurrosa.com\/wp-content\/uploads\/2026\/01\/065-pre-wedding-cumbuco-fotos-scaled.jpg 1638w, https:\/\/arthurrosa.com\/wp-content\/uploads\/2026\/01\/065-pre-wedding-cumbuco-fotos-480x600.jpg 480w, https:\/\/arthurrosa.com\/wp-content\/uploads\/2026\/01\/065-pre-wedding-cumbuco-fotos-864x1080.jpg 864w, https:\/\/arthurrosa.com\/wp-content\/uploads\/2026\/01\/065-pre-wedding-cumbuco-fotos-1229x1536.jpg 1229w\" sizes=\"(max-width: 1638px) 100vw, 1638px\" \/><\/figure>\n\n\n\n<figure class=\"wp-block-image size-full\"><img decoding=\"async\" width=\"1638\" height=\"2048\" data-id=\"268334\" src=\"https:\/\/arthurrosa.com\/wp-content\/uploads\/2026\/01\/064-pre-wedding-cumbuco-fotos-scaled.jpg\" alt=\"\" class=\"wp-image-268334\" srcset=\"https:\/\/arthurrosa.com\/wp-content\/uploads\/2026\/01\/064-pre-wedding-cumbuco-fotos-scaled.jpg 1638w, https:\/\/arthurrosa.com\/wp-content\/uploads\/2026\/01\/064-pre-wedding-cumbuco-fotos-480x600.jpg 480w, https:\/\/arthurrosa.com\/wp-content\/uploads\/2026\/01\/064-pre-wedding-cumbuco-fotos-864x1080.jpg 864w, https:\/\/arthurrosa.com\/wp-content\/uploads\/2026\/01\/064-pre-wedding-cumbuco-fotos-1229x1536.jpg 1229w\" sizes=\"(max-width: 1638px) 100vw, 1638px\" \/><\/figure>\n\n\n\n<figure class=\"wp-block-image size-full\"><img decoding=\"async\" width=\"1638\" height=\"2048\" data-id=\"268333\" src=\"https:\/\/arthurrosa.com\/wp-content\/uploads\/2026\/01\/063-pre-wedding-cumbuco-fotos-scaled.jpg\" alt=\"\" class=\"wp-image-268333\" srcset=\"https:\/\/arthurrosa.com\/wp-content\/uploads\/2026\/01\/063-pre-wedding-cumbuco-fotos-scaled.jpg 1638w, https:\/\/arthurrosa.com\/wp-content\/uploads\/2026\/01\/063-pre-wedding-cumbuco-fotos-480x600.jpg 480w, https:\/\/arthurrosa.com\/wp-content\/uploads\/2026\/01\/063-pre-wedding-cumbuco-fotos-864x1080.jpg 864w, https:\/\/arthurrosa.com\/wp-content\/uploads\/2026\/01\/063-pre-wedding-cumbuco-fotos-1229x1536.jpg 1229w\" sizes=\"(max-width: 1638px) 100vw, 1638px\" \/><\/figure>\n\n\n\n<figure class=\"wp-block-image size-full\"><img decoding=\"async\" width=\"1638\" height=\"2048\" data-id=\"268332\" src=\"https:\/\/arthurrosa.com\/wp-content\/uploads\/2026\/01\/062-pre-wedding-cumbuco-fotos-scaled.jpg\" alt=\"\" class=\"wp-image-268332\" srcset=\"https:\/\/arthurrosa.com\/wp-content\/uploads\/2026\/01\/062-pre-wedding-cumbuco-fotos-scaled.jpg 1638w, https:\/\/arthurrosa.com\/wp-content\/uploads\/2026\/01\/062-pre-wedding-cumbuco-fotos-480x600.jpg 480w, https:\/\/arthurrosa.com\/wp-content\/uploads\/2026\/01\/062-pre-wedding-cumbuco-fotos-864x1080.jpg 864w, https:\/\/arthurrosa.com\/wp-content\/uploads\/2026\/01\/062-pre-wedding-cumbuco-fotos-1229x1536.jpg 1229w\" sizes=\"(max-width: 1638px) 100vw, 1638px\" \/><\/figure>\n\n\n\n<figure class=\"wp-block-image size-full\"><img decoding=\"async\" width=\"1920\" height=\"1536\" data-id=\"268331\" src=\"https:\/\/arthurrosa.com\/wp-content\/uploads\/2026\/01\/061-pre-wedding-cumbuco-fotos-1.jpg\" alt=\"\" class=\"wp-image-268331\" srcset=\"https:\/\/arthurrosa.com\/wp-content\/uploads\/2026\/01\/061-pre-wedding-cumbuco-fotos-1.jpg 1920w, https:\/\/arthurrosa.com\/wp-content\/uploads\/2026\/01\/061-pre-wedding-cumbuco-fotos-1-750x600.jpg 750w, https:\/\/arthurrosa.com\/wp-content\/uploads\/2026\/01\/061-pre-wedding-cumbuco-fotos-1-1350x1080.jpg 1350w, https:\/\/arthurrosa.com\/wp-content\/uploads\/2026\/01\/061-pre-wedding-cumbuco-fotos-1-1536x1229.jpg 1536w\" sizes=\"(max-width: 1920px) 100vw, 1920px\" \/><\/figure>\n\n\n\n<figure class=\"wp-block-image size-full\"><img decoding=\"async\" width=\"1920\" height=\"766\" data-id=\"268330\" src=\"https:\/\/arthurrosa.com\/wp-content\/uploads\/2026\/01\/060-pre-wedding-cumbuco-fotos.jpg\" alt=\"\" class=\"wp-image-268330\" srcset=\"https:\/\/arthurrosa.com\/wp-content\/uploads\/2026\/01\/060-pre-wedding-cumbuco-fotos.jpg 1920w, https:\/\/arthurrosa.com\/wp-content\/uploads\/2026\/01\/060-pre-wedding-cumbuco-fotos-900x359.jpg 900w, https:\/\/arthurrosa.com\/wp-content\/uploads\/2026\/01\/060-pre-wedding-cumbuco-fotos-1536x613.jpg 1536w\" sizes=\"(max-width: 1920px) 100vw, 1920px\" \/><\/figure>\n<\/figure>\n","protected":false},"excerpt":{"rendered":"<p>Hay encuentros que el destino reserva de forma especial. Mariana y Tiago cruzaron el Atl\u00e1ntico desde Portugal con un prop\u00f3sito inicial: celebrar la boda de unos grandes amigos aqu\u00ed en Cear\u00e1. Sin embargo, decidieron que su viaje por tierras brasile\u00f1as merec\u00eda un registro propio, aprovechando el clima tropical para realizar una sesi\u00f3n preboda que conectara [&hellip;]<\/p>\n","protected":false},"author":1,"featured_media":253372,"comment_status":"closed","ping_status":"closed","sticky":false,"template":"","format":"standard","meta":{"_acf_changed":false,"_joinchat":[],"footnotes":""},"categories":[2635],"tags":[],"class_list":["post-253370","post","type-post","status-publish","format-standard","has-post-thumbnail","hentry","category-prebodas"],"acf":[],"yoast_head":"<!-- This site is optimized with the Yoast SEO Premium plugin v27.2 (Yoast SEO v27.2) - https:\/\/yoast.com\/product\/yoast-seo-premium-wordpress\/ -->\n<title>Sesi\u00f3n Preboda - Mariana + Tiago - Arthur Rosa - fot\u00f3grafo de casamento<\/title>\n<meta name=\"robots\" content=\"index, follow, max-snippet:-1, max-image-preview:large, max-video-preview:-1\" \/>\n<link rel=\"canonical\" href=\"https:\/\/arthurrosa.com\/es\/sesion-preboda-cumbuco-brasil\/\" \/>\n<meta property=\"og:locale\" content=\"es_ES\" \/>\n<meta property=\"og:type\" content=\"article\" \/>\n<meta property=\"og:title\" content=\"Sesi\u00f3n Preboda - Mariana + Tiago\" \/>\n<meta property=\"og:description\" content=\"Hay encuentros que el destino reserva de forma especial. Mariana y Tiago cruzaron el Atl\u00e1ntico desde Portugal con un prop\u00f3sito inicial: celebrar la boda de unos grandes amigos aqu\u00ed en Cear\u00e1. Sin embargo, decidieron que su viaje por tierras brasile\u00f1as merec\u00eda un registro propio, aprovechando el clima tropical para realizar una sesi\u00f3n preboda que conectara [&hellip;]\" \/>\n<meta property=\"og:url\" content=\"https:\/\/arthurrosa.com\/es\/sesion-preboda-cumbuco-brasil\/\" \/>\n<meta property=\"og:site_name\" content=\"Arthur Rosa - fot\u00f3grafo de casamento\" \/>\n<meta property=\"article:publisher\" content=\"https:\/\/www.facebook.com\/ArthurRosa\" \/>\n<meta property=\"article:author\" content=\"https:\/\/www.facebook.com\/ArthurRosa88\" \/>\n<meta property=\"article:published_time\" content=\"2026-01-17T11:37:30+00:00\" \/>\n<meta property=\"article:modified_time\" content=\"2026-01-17T12:16:44+00:00\" \/>\n<meta property=\"og:image\" content=\"https:\/\/arthurrosa.com\/wp-content\/uploads\/2026\/01\/Ensaio-MarianaTiago-0001-scaled.jpg\" \/>\n\t<meta property=\"og:image:width\" content=\"2048\" \/>\n\t<meta property=\"og:image:height\" content=\"1152\" \/>\n\t<meta property=\"og:image:type\" content=\"image\/jpeg\" \/>\n<meta name=\"author\" content=\"Arthur Rosa\" \/>\n<meta name=\"twitter:card\" content=\"summary_large_image\" \/>\n<meta name=\"twitter:creator\" content=\"@arthurrosatv\" \/>\n<meta name=\"twitter:site\" content=\"@ArthurRosaTV\" \/>\n<meta name=\"twitter:label1\" content=\"Escrito por\" \/>\n\t<meta name=\"twitter:data1\" content=\"Arthur Rosa\" \/>\n\t<meta name=\"twitter:label2\" content=\"Tiempo de lectura\" \/>\n\t<meta name=\"twitter:data2\" content=\"7 minuto\" \/>\n<script type=\"application\/ld+json\" class=\"yoast-schema-graph\">{\"@context\":\"https:\/\/schema.org\",\"@graph\":[{\"@type\":\"Article\",\"@id\":\"https:\/\/arthurrosa.com\/es\/sesion-preboda-cumbuco-brasil\/#article\",\"isPartOf\":{\"@id\":\"https:\/\/arthurrosa.com\/es\/sesion-preboda-cumbuco-brasil\/\"},\"author\":{\"name\":\"Arthur Rosa\",\"@id\":\"https:\/\/arthurrosa.com\/es\/#\/schema\/person\/ee5a2b039153ca312cc6db935a23cc06\"},\"headline\":\"Sesi\u00f3n Preboda &#8211; Mariana + Tiago\",\"datePublished\":\"2026-01-17T11:37:30+00:00\",\"dateModified\":\"2026-01-17T12:16:44+00:00\",\"mainEntityOfPage\":{\"@id\":\"https:\/\/arthurrosa.com\/es\/sesion-preboda-cumbuco-brasil\/\"},\"wordCount\":380,\"image\":{\"@id\":\"https:\/\/arthurrosa.com\/es\/sesion-preboda-cumbuco-brasil\/#primaryimage\"},\"thumbnailUrl\":\"https:\/\/arthurrosa.com\/wp-content\/uploads\/2026\/01\/Ensaio-MarianaTiago-0001-scaled.jpg\",\"articleSection\":[\"Sesi\u00f3n Preboda\"],\"inLanguage\":\"es\"},{\"@type\":\"WebPage\",\"@id\":\"https:\/\/arthurrosa.com\/es\/sesion-preboda-cumbuco-brasil\/\",\"url\":\"https:\/\/arthurrosa.com\/es\/sesion-preboda-cumbuco-brasil\/\",\"name\":\"Sesi\u00f3n Preboda - Mariana + Tiago - Arthur Rosa - fot\u00f3grafo de casamento\",\"isPartOf\":{\"@id\":\"https:\/\/arthurrosa.com\/es\/#website\"},\"primaryImageOfPage\":{\"@id\":\"https:\/\/arthurrosa.com\/es\/sesion-preboda-cumbuco-brasil\/#primaryimage\"},\"image\":{\"@id\":\"https:\/\/arthurrosa.com\/es\/sesion-preboda-cumbuco-brasil\/#primaryimage\"},\"thumbnailUrl\":\"https:\/\/arthurrosa.com\/wp-content\/uploads\/2026\/01\/Ensaio-MarianaTiago-0001-scaled.jpg\",\"datePublished\":\"2026-01-17T11:37:30+00:00\",\"dateModified\":\"2026-01-17T12:16:44+00:00\",\"author\":{\"@id\":\"https:\/\/arthurrosa.com\/es\/#\/schema\/person\/ee5a2b039153ca312cc6db935a23cc06\"},\"breadcrumb\":{\"@id\":\"https:\/\/arthurrosa.com\/es\/sesion-preboda-cumbuco-brasil\/#breadcrumb\"},\"inLanguage\":\"es\",\"potentialAction\":[{\"@type\":\"ReadAction\",\"target\":[\"https:\/\/arthurrosa.com\/es\/sesion-preboda-cumbuco-brasil\/\"]}]},{\"@type\":\"ImageObject\",\"inLanguage\":\"es\",\"@id\":\"https:\/\/arthurrosa.com\/es\/sesion-preboda-cumbuco-brasil\/#primaryimage\",\"url\":\"https:\/\/arthurrosa.com\/wp-content\/uploads\/2026\/01\/Ensaio-MarianaTiago-0001-scaled.jpg\",\"contentUrl\":\"https:\/\/arthurrosa.com\/wp-content\/uploads\/2026\/01\/Ensaio-MarianaTiago-0001-scaled.jpg\",\"width\":2048,\"height\":1152},{\"@type\":\"BreadcrumbList\",\"@id\":\"https:\/\/arthurrosa.com\/es\/sesion-preboda-cumbuco-brasil\/#breadcrumb\",\"itemListElement\":[{\"@type\":\"ListItem\",\"position\":1,\"name\":\"In\u00edcio\",\"item\":\"https:\/\/arthurrosa.com\/es\/\"},{\"@type\":\"ListItem\",\"position\":2,\"name\":\"Sesi\u00f3n Preboda &#8211; Mariana + Tiago\"}]},{\"@type\":\"WebSite\",\"@id\":\"https:\/\/arthurrosa.com\/es\/#website\",\"url\":\"https:\/\/arthurrosa.com\/es\/\",\"name\":\"Arthur Rosa - fot\u00f3grafo de casamento\",\"description\":\"Fot\u00f3grafo de casamento em Fortaleza-CE, Arthur Rosa \u00e9 um dos mais requisitados fot\u00f3grafos na atualidade.\",\"potentialAction\":[{\"@type\":\"SearchAction\",\"target\":{\"@type\":\"EntryPoint\",\"urlTemplate\":\"https:\/\/arthurrosa.com\/es\/?s={search_term_string}\"},\"query-input\":{\"@type\":\"PropertyValueSpecification\",\"valueRequired\":true,\"valueName\":\"search_term_string\"}}],\"inLanguage\":\"es\"},{\"@type\":\"Person\",\"@id\":\"https:\/\/arthurrosa.com\/es\/#\/schema\/person\/ee5a2b039153ca312cc6db935a23cc06\",\"name\":\"Arthur Rosa\",\"sameAs\":[\"https:\/\/arthurrosa.com\",\"https:\/\/www.facebook.com\/ArthurRosa88\",\"https:\/\/instagram.com\/arthurrosa\",\"https:\/\/x.com\/arthurrosatv\",\"https:\/\/www.youtube.com\/channel\/UCTK7humNprqYkhgEzA2A5pg\",\"http:\/\/arthur-rosa.tumblr.com\/\"],\"birthDate\":\"1988-05-21\",\"gender\":\"masculino\",\"knowsLanguage\":[\"Portugu\u00eas\",\"Ingl\u00eas\"],\"jobTitle\":\"fot\u00f3grafo de casamento\",\"worksFor\":\"Arthur Rosa - fot\u00f3grafo de casamento\"}]}<\/script>\n<!-- \/ Yoast SEO Premium plugin. -->","yoast_head_json":{"title":"Sesi\u00f3n Preboda - Mariana + Tiago - Arthur Rosa - fot\u00f3grafo de casamento","robots":{"index":"index","follow":"follow","max-snippet":"max-snippet:-1","max-image-preview":"max-image-preview:large","max-video-preview":"max-video-preview:-1"},"canonical":"https:\/\/arthurrosa.com\/es\/sesion-preboda-cumbuco-brasil\/","og_locale":"es_ES","og_type":"article","og_title":"Sesi\u00f3n Preboda - Mariana + Tiago","og_description":"Hay encuentros que el destino reserva de forma especial. Mariana y Tiago cruzaron el Atl\u00e1ntico desde Portugal con un prop\u00f3sito inicial: celebrar la boda de unos grandes amigos aqu\u00ed en Cear\u00e1. Sin embargo, decidieron que su viaje por tierras brasile\u00f1as merec\u00eda un registro propio, aprovechando el clima tropical para realizar una sesi\u00f3n preboda que conectara [&hellip;]","og_url":"https:\/\/arthurrosa.com\/es\/sesion-preboda-cumbuco-brasil\/","og_site_name":"Arthur Rosa - fot\u00f3grafo de casamento","article_publisher":"https:\/\/www.facebook.com\/ArthurRosa","article_author":"https:\/\/www.facebook.com\/ArthurRosa88","article_published_time":"2026-01-17T11:37:30+00:00","article_modified_time":"2026-01-17T12:16:44+00:00","og_image":[{"width":2048,"height":1152,"url":"https:\/\/arthurrosa.com\/wp-content\/uploads\/2026\/01\/Ensaio-MarianaTiago-0001-scaled.jpg","type":"image\/jpeg"}],"author":"Arthur Rosa","twitter_card":"summary_large_image","twitter_creator":"@arthurrosatv","twitter_site":"@ArthurRosaTV","twitter_misc":{"Escrito por":"Arthur Rosa","Tiempo de lectura":"7 minuto"},"schema":{"@context":"https:\/\/schema.org","@graph":[{"@type":"Article","@id":"https:\/\/arthurrosa.com\/es\/sesion-preboda-cumbuco-brasil\/#article","isPartOf":{"@id":"https:\/\/arthurrosa.com\/es\/sesion-preboda-cumbuco-brasil\/"},"author":{"name":"Arthur Rosa","@id":"https:\/\/arthurrosa.com\/es\/#\/schema\/person\/ee5a2b039153ca312cc6db935a23cc06"},"headline":"Sesi\u00f3n Preboda &#8211; Mariana + Tiago","datePublished":"2026-01-17T11:37:30+00:00","dateModified":"2026-01-17T12:16:44+00:00","mainEntityOfPage":{"@id":"https:\/\/arthurrosa.com\/es\/sesion-preboda-cumbuco-brasil\/"},"wordCount":380,"image":{"@id":"https:\/\/arthurrosa.com\/es\/sesion-preboda-cumbuco-brasil\/#primaryimage"},"thumbnailUrl":"https:\/\/arthurrosa.com\/wp-content\/uploads\/2026\/01\/Ensaio-MarianaTiago-0001-scaled.jpg","articleSection":["Sesi\u00f3n Preboda"],"inLanguage":"es"},{"@type":"WebPage","@id":"https:\/\/arthurrosa.com\/es\/sesion-preboda-cumbuco-brasil\/","url":"https:\/\/arthurrosa.com\/es\/sesion-preboda-cumbuco-brasil\/","name":"Sesi\u00f3n Preboda - Mariana + Tiago - Arthur Rosa - fot\u00f3grafo de casamento","isPartOf":{"@id":"https:\/\/arthurrosa.com\/es\/#website"},"primaryImageOfPage":{"@id":"https:\/\/arthurrosa.com\/es\/sesion-preboda-cumbuco-brasil\/#primaryimage"},"image":{"@id":"https:\/\/arthurrosa.com\/es\/sesion-preboda-cumbuco-brasil\/#primaryimage"},"thumbnailUrl":"https:\/\/arthurrosa.com\/wp-content\/uploads\/2026\/01\/Ensaio-MarianaTiago-0001-scaled.jpg","datePublished":"2026-01-17T11:37:30+00:00","dateModified":"2026-01-17T12:16:44+00:00","author":{"@id":"https:\/\/arthurrosa.com\/es\/#\/schema\/person\/ee5a2b039153ca312cc6db935a23cc06"},"breadcrumb":{"@id":"https:\/\/arthurrosa.com\/es\/sesion-preboda-cumbuco-brasil\/#breadcrumb"},"inLanguage":"es","potentialAction":[{"@type":"ReadAction","target":["https:\/\/arthurrosa.com\/es\/sesion-preboda-cumbuco-brasil\/"]}]},{"@type":"ImageObject","inLanguage":"es","@id":"https:\/\/arthurrosa.com\/es\/sesion-preboda-cumbuco-brasil\/#primaryimage","url":"https:\/\/arthurrosa.com\/wp-content\/uploads\/2026\/01\/Ensaio-MarianaTiago-0001-scaled.jpg","contentUrl":"https:\/\/arthurrosa.com\/wp-content\/uploads\/2026\/01\/Ensaio-MarianaTiago-0001-scaled.jpg","width":2048,"height":1152},{"@type":"BreadcrumbList","@id":"https:\/\/arthurrosa.com\/es\/sesion-preboda-cumbuco-brasil\/#breadcrumb","itemListElement":[{"@type":"ListItem","position":1,"name":"In\u00edcio","item":"https:\/\/arthurrosa.com\/es\/"},{"@type":"ListItem","position":2,"name":"Sesi\u00f3n Preboda &#8211; Mariana + Tiago"}]},{"@type":"WebSite","@id":"https:\/\/arthurrosa.com\/es\/#website","url":"https:\/\/arthurrosa.com\/es\/","name":"Arthur Rosa - fot\u00f3grafo de casamento","description":"Fot\u00f3grafo de casamento em Fortaleza-CE, Arthur Rosa \u00e9 um dos mais requisitados fot\u00f3grafos na atualidade.","potentialAction":[{"@type":"SearchAction","target":{"@type":"EntryPoint","urlTemplate":"https:\/\/arthurrosa.com\/es\/?s={search_term_string}"},"query-input":{"@type":"PropertyValueSpecification","valueRequired":true,"valueName":"search_term_string"}}],"inLanguage":"es"},{"@type":"Person","@id":"https:\/\/arthurrosa.com\/es\/#\/schema\/person\/ee5a2b039153ca312cc6db935a23cc06","name":"Arthur Rosa","sameAs":["https:\/\/arthurrosa.com","https:\/\/www.facebook.com\/ArthurRosa88","https:\/\/instagram.com\/arthurrosa","https:\/\/x.com\/arthurrosatv","https:\/\/www.youtube.com\/channel\/UCTK7humNprqYkhgEzA2A5pg","http:\/\/arthur-rosa.tumblr.com\/"],"birthDate":"1988-05-21","gender":"masculino","knowsLanguage":["Portugu\u00eas","Ingl\u00eas"],"jobTitle":"fot\u00f3grafo de casamento","worksFor":"Arthur Rosa - fot\u00f3grafo de casamento"}]}},"featured_image_src":"https:\/\/arthurrosa.com\/wp-content\/uploads\/2026\/01\/Ensaio-MarianaTiago-0001-600x400.jpg","featured_image_src_square":"https:\/\/arthurrosa.com\/wp-content\/uploads\/2026\/01\/Ensaio-MarianaTiago-0001-600x600.jpg","author_info":{"display_name":"Arthur Rosa","author_link":"https:\/\/arthurrosa.com\/es\/author\/arthur-rosa\/"},"_links":{"self":[{"href":"https:\/\/arthurrosa.com\/es\/wp-json\/wp\/v2\/posts\/253370","targetHints":{"allow":["GET"]}}],"collection":[{"href":"https:\/\/arthurrosa.com\/es\/wp-json\/wp\/v2\/posts"}],"about":[{"href":"https:\/\/arthurrosa.com\/es\/wp-json\/wp\/v2\/types\/post"}],"author":[{"embeddable":true,"href":"https:\/\/arthurrosa.com\/es\/wp-json\/wp\/v2\/users\/1"}],"replies":[{"embeddable":true,"href":"https:\/\/arthurrosa.com\/es\/wp-json\/wp\/v2\/comments?post=253370"}],"version-history":[{"count":3,"href":"https:\/\/arthurrosa.com\/es\/wp-json\/wp\/v2\/posts\/253370\/revisions"}],"predecessor-version":[{"id":268350,"href":"https:\/\/arthurrosa.com\/es\/wp-json\/wp\/v2\/posts\/253370\/revisions\/268350"}],"wp:featuredmedia":[{"embeddable":true,"href":"https:\/\/arthurrosa.com\/es\/wp-json\/wp\/v2\/media\/253372"}],"wp:attachment":[{"href":"https:\/\/arthurrosa.com\/es\/wp-json\/wp\/v2\/media?parent=253370"}],"wp:term":[{"taxonomy":"category","embeddable":true,"href":"https:\/\/arthurrosa.com\/es\/wp-json\/wp\/v2\/categories?post=253370"},{"taxonomy":"post_tag","embeddable":true,"href":"https:\/\/arthurrosa.com\/es\/wp-json\/wp\/v2\/tags?post=253370"}],"curies":[{"name":"wp","href":"https:\/\/api.w.org\/{rel}","templated":true}]}}